{"id":27186,"date":"2023-09-21T15:21:26","date_gmt":"2023-09-21T18:21:26","guid":{"rendered":"https:\/\/chacosintesis.com.ar\/?p=27186"},"modified":"2023-09-21T15:38:19","modified_gmt":"2023-09-21T18:38:19","slug":"cuando-comienza-exactamente-la-primavera","status":"publish","type":"post","link":"https:\/\/chacosintesis.com.ar\/index.php\/cuando-comienza-exactamente-la-primavera\/","title":{"rendered":"\u00bfCu\u00e1ndo comienza exactamente la primavera?"},"content":{"rendered":"<div class=\"postie-post\">David Gamarra, presidente de la Asociaci\u00f3n Civil de Astronom\u00eda de Chaco (AstronoR), aclar\u00f3 que la primavera, si bien tradicionalmente comienza todos los 21 de septiembre, exactamente su llegada ser\u00e1 dentro de dos d\u00edas, el s\u00e1bado 23 a las 3 de la ma\u00f1ana. David Gamarra, presidente de la Asociaci\u00f3n Civil de Astronom\u00eda de Chaco (AstronoR), dialog\u00f3 con Chaco TV y aclar\u00f3 que la primavera, si bien tradicionalmente comienza todos los 21 de septiembre, exactamente su llegada ser\u00e1 dentro de dos d\u00edas. \u201cLa primavera comienza, exactamente, el s\u00e1bado 23 de septiembre a las 3 de la ma\u00f1ana\u201d, inform\u00f3.<br \/>\nEn este sentido, detall\u00f3: \u201cLo m\u00e1s correcto es decir Equinoccio de Septiembre, no Equinoccio de Primavera. Nosotros comenzamos la primavera, pero en el hemisferio norte comienza en oto\u00f1o. Entonces, por lo general, se usan esos t\u00e9rminos cuando hablamos de astronom\u00eda\u201d.<br \/>\nAsimismo, sobre c\u00f3mo se calcula el inicio de este evento astron\u00f3mico, explic\u00f3: \u201cEn el equinoccio, el sol se debe ubicar en una posici\u00f3n exacta en el cielo y cuando se ubica en esa posici\u00f3n, significa que el sol sale exactamente por el punto cardinal este, llega a una altura m\u00e1xima calculada de acuerdo a la latitud observada y baja exactamente por el punto cardinal oeste\u201d.<br \/>\n\u201cEs el segundo d\u00eda del a\u00f1o en donde el sol sale por el este y se oculta por el oeste exactamente\u201d, agreg\u00f3 Gamarra. Sobre esto, explic\u00f3 que esto, durante las otras \u00e9pocas del a\u00f1o, no lo hace. Adem\u00e1s, a\u00f1adi\u00f3 que durante este tiempo el sol ganar\u00e1 altura en el cielo, m\u00e1s a\u00fan con el correr de los meses en el hemisferio sur. Esto se traduce en que amanecer\u00e1 m\u00e1s temprano y oscurecer\u00e1 m\u00e1s de noche. \u201cEquinoccio s\u00edgnica que la noche le iguala al d\u00eda. Ahora se empezar\u00e1 a notar que la cantidad de horas de luz del d\u00eda le empezar\u00e1 a ganar a las horas de oscuridad, de noche. Eso es lo que sucede astron\u00f3micamente\u201d, concluy\u00f3.<\/div>\n","protected":false},"excerpt":{"rendered":"<p>David Gamarra, presidente de la Asociaci\u00f3n Civil de Astronom\u00eda de Chaco (AstronoR), aclar\u00f3 que la primavera, si bien tradicionalmente comienza todos los 21 de septiembre, exactamente su llegada ser\u00e1 dentro de dos d\u00edas, el s\u00e1bado 23 a las 3 de la ma\u00f1ana. David Gamarra, presidente de la Asociaci\u00f3n Civil de Astronom\u00eda de Chaco (AstronoR), dialog\u00f3 [&hellip;]<\/p>\n","protected":false},"author":1,"featured_media":27187,"comment_status":"closed","ping_status":"closed","sticky":false,"template":"","format":"standard","meta":{"footnotes":""},"categories":[6],"tags":[],"class_list":{"0":"post-27186","1":"post","2":"type-post","3":"status-publish","4":"format-standard","5":"has-post-thumbnail","7":"category-chaco"},"_links":{"self":[{"href":"https:\/\/chacosintesis.com.ar\/index.php\/wp-json\/wp\/v2\/posts\/27186","targetHints":{"allow":["GET"]}}],"collection":[{"href":"https:\/\/chacosintesis.com.ar\/index.php\/wp-json\/wp\/v2\/posts"}],"about":[{"href":"https:\/\/chacosintesis.com.ar\/index.php\/wp-json\/wp\/v2\/types\/post"}],"author":[{"embeddable":true,"href":"https:\/\/chacosintesis.com.ar\/index.php\/wp-json\/wp\/v2\/users\/1"}],"replies":[{"embeddable":true,"href":"https:\/\/chacosintesis.com.ar\/index.php\/wp-json\/wp\/v2\/comments?post=27186"}],"version-history":[{"count":0,"href":"https:\/\/chacosintesis.com.ar\/index.php\/wp-json\/wp\/v2\/posts\/27186\/revisions"}],"wp:featuredmedia":[{"embeddable":true,"href":"https:\/\/chacosintesis.com.ar\/index.php\/wp-json\/wp\/v2\/media\/27187"}],"wp:attachment":[{"href":"https:\/\/chacosintesis.com.ar\/index.php\/wp-json\/wp\/v2\/media?parent=27186"}],"wp:term":[{"taxonomy":"category","embeddable":true,"href":"https:\/\/chacosintesis.com.ar\/index.php\/wp-json\/wp\/v2\/categories?post=27186"},{"taxonomy":"post_tag","embeddable":true,"href":"https:\/\/chacosintesis.com.ar\/index.php\/wp-json\/wp\/v2\/tags?post=27186"}],"curies":[{"name":"wp","href":"https:\/\/api.w.org\/{rel}","templated":true}]}}