{"id":27184,"date":"2023-09-21T15:19:22","date_gmt":"2023-09-21T18:19:22","guid":{"rendered":"https:\/\/chacosintesis.com.ar\/?p=27184"},"modified":"2023-09-21T15:38:14","modified_gmt":"2023-09-21T18:38:14","slug":"adolescentes-jovenes-y-personas-adultas-debatiran-sobre-educacion-sexual-integral-en-chaco","status":"publish","type":"post","link":"https:\/\/chacosintesis.com.ar\/index.php\/adolescentes-jovenes-y-personas-adultas-debatiran-sobre-educacion-sexual-integral-en-chaco\/","title":{"rendered":"Adolescentes, j\u00f3venes y personas adultas debatir\u00e1n sobre Educaci\u00f3n Sexual Integral en Chaco"},"content":{"rendered":"<div class=\"postie-post\">Se trata de una propuesta del Fondo de Poblaci\u00f3n de las Naciones Unidas (UNFPA) en Argentina.<br \/>\nNayla Procopio, integrante del equipo de g\u00e9nero y juventudes del Fondo de Poblaci\u00f3n de las Naciones Unidas (UNFPA) en Argentina, habl\u00f3 con Radio Provincia del Chaco sobre las jornadas de &#8220;Di\u00e1logos por la ESI&#8221;, que se llevar\u00e1n a cabo la pr\u00f3xima semana en Resistencia.<br \/>\nEl encuentro est\u00e1 previsto para el viernes 29 de septiembre de 9.30 a 16 horas (destinado a adolescentes y j\u00f3venes) y el s\u00e1bado 30 de 9 a 13 (destinado a un p\u00fablico mixto: adolescentes, j\u00f3venes y personas adultas).<br \/>\nProcopio manifest\u00f3 que la Educaci\u00f3n Sexual Integral (ESI) &#8220;es un derecho a partir de una ley nacional del 2006 y que entiende a la sexualidad de manera integral, abarcando aspectos f\u00edsicos, ps\u00edquicos, sociales, econ\u00f3micos, pol\u00edticos&#8221;. En este sentido, remarc\u00f3 que &#8220;es para que estudiantes se puedan formar en relaci\u00f3n a su salud sexual, a c\u00f3mo expresar sus emociones, a c\u00f3mo relacionarse entre pares con sus noviazgos, familias, docentes&#8221;.<br \/>\nLa referenta de ESI dijo que sirve &#8220;para conocer qu\u00e9 derechos tienen y ganar herramientas para prevenir violencias y saber como actuar&#8221;. Manifest\u00f3 que se genera un espacio de &#8220;escucha y contenci\u00f3n&#8221; dentro de la escuela.<br \/>\nTambi\u00e9n remarc\u00f3 que la ESI tiene &#8220;contenidos curriculares acordes a cada nivel educativo, teniendo en cuenta las edades&#8221;, y a\u00f1adi\u00f3 que &#8220;es importante que la esi se aplique de manera integral porque hay familias que empiezan a tener miedo, pero despues te agradecen porque quiz\u00e1s no pod\u00edan hablar de algunos temas con sus hijos e hijas&#8221;.<br \/>\nProcopio coment\u00f3 que &#8220;se cree que por no hablar de un tema las cosas no suceden y la realidad es que las y los adolescentes toman decisiones y es mejor que estas decisiones sean tomadas con informaci\u00f3n&#8221;.<\/p>\n<p> Sobre el evento<\/p>\n<p>Durante dos jornadas, la primera destinada de manera exclusiva a j\u00f3venes y adolescentes, y la segunda con un p\u00fablico mixto de adolescentes, j\u00f3venes y personas adultas, se abordar\u00e1 la Educaci\u00f3n Sexual Integral y se identificar\u00e1n las fortalezas y obst\u00e1culos en su implementaci\u00f3n. Asimismo, se plantear\u00e1n estrategias para reforzar los v\u00ednculos con las organizaciones sociales y las juventudes que participen del encuentro, para la garant\u00eda de la ESI en los espacios tanto formales como informales.<br \/>\nDi\u00e1logos por la ESI es un proyecto de UNFPA Argentina y se propone fortalecer las capacidades provinciales para la implementaci\u00f3n de la Educaci\u00f3n Sexual Integral. Esta edici\u00f3n se realiza junto a EsConESI, una iniciativa de Impacto Digital y Fusa A.C, en alianza con UNFPA.<\/p><\/div>\n","protected":false},"excerpt":{"rendered":"<p>Se trata de una propuesta del Fondo de Poblaci\u00f3n de las Naciones Unidas (UNFPA) en Argentina. Nayla Procopio, integrante del equipo de g\u00e9nero y juventudes del Fondo de Poblaci\u00f3n de las Naciones Unidas (UNFPA) en Argentina, habl\u00f3 con Radio Provincia del Chaco sobre las jornadas de &#8220;Di\u00e1logos por la ESI&#8221;, que se llevar\u00e1n a cabo [&hellip;]<\/p>\n","protected":false},"author":1,"featured_media":27185,"comment_status":"closed","ping_status":"closed","sticky":false,"template":"","format":"standard","meta":{"footnotes":""},"categories":[6],"tags":[],"class_list":{"0":"post-27184","1":"post","2":"type-post","3":"status-publish","4":"format-standard","5":"has-post-thumbnail","7":"category-chaco"},"_links":{"self":[{"href":"https:\/\/chacosintesis.com.ar\/index.php\/wp-json\/wp\/v2\/posts\/27184","targetHints":{"allow":["GET"]}}],"collection":[{"href":"https:\/\/chacosintesis.com.ar\/index.php\/wp-json\/wp\/v2\/posts"}],"about":[{"href":"https:\/\/chacosintesis.com.ar\/index.php\/wp-json\/wp\/v2\/types\/post"}],"author":[{"embeddable":true,"href":"https:\/\/chacosintesis.com.ar\/index.php\/wp-json\/wp\/v2\/users\/1"}],"replies":[{"embeddable":true,"href":"https:\/\/chacosintesis.com.ar\/index.php\/wp-json\/wp\/v2\/comments?post=27184"}],"version-history":[{"count":0,"href":"https:\/\/chacosintesis.com.ar\/index.php\/wp-json\/wp\/v2\/posts\/27184\/revisions"}],"wp:featuredmedia":[{"embeddable":true,"href":"https:\/\/chacosintesis.com.ar\/index.php\/wp-json\/wp\/v2\/media\/27185"}],"wp:attachment":[{"href":"https:\/\/chacosintesis.com.ar\/index.php\/wp-json\/wp\/v2\/media?parent=27184"}],"wp:term":[{"taxonomy":"category","embeddable":true,"href":"https:\/\/chacosintesis.com.ar\/index.php\/wp-json\/wp\/v2\/categories?post=27184"},{"taxonomy":"post_tag","embeddable":true,"href":"https:\/\/chacosintesis.com.ar\/index.php\/wp-json\/wp\/v2\/tags?post=27184"}],"curies":[{"name":"wp","href":"https:\/\/api.w.org\/{rel}","templated":true}]}}