{"id":27180,"date":"2023-09-21T15:16:12","date_gmt":"2023-09-21T18:16:12","guid":{"rendered":"https:\/\/chacosintesis.com.ar\/?p=27180"},"modified":"2023-09-21T15:38:04","modified_gmt":"2023-09-21T18:38:04","slug":"detuvieron-a-dos-personas-por-el-homicidio-del-penitenciario-en-saenz-pena","status":"publish","type":"post","link":"https:\/\/chacosintesis.com.ar\/index.php\/detuvieron-a-dos-personas-por-el-homicidio-del-penitenciario-en-saenz-pena\/","title":{"rendered":"Detuvieron a dos personas por el homicidio del penitenciario en S\u00e1enz Pe\u00f1a"},"content":{"rendered":"<div class=\"postie-post\">El hecho ocurri\u00f3 durante la madrugada de hoy, donde habr\u00edan asesinado a un hombre de 30 a\u00f1os que se desempe\u00f1aba en el Servicio Penitenciario Federal. Mediante c\u00e1maras de seguridad, lograron determinar a los presuntos autores.<br \/>\nEl hecho de sangre que ocurri\u00f3 esta madrugada en la localidad de Presidencia Roque S\u00e1enz Pe\u00f1a sum\u00f3 dos detenciones durante la ma\u00f1ana de hoy tras una profunda investigaci\u00f3n a trav\u00e9s de c\u00e1maras de seguridad de la zona donde se encontr\u00f3 a la v\u00edctima.<br \/>\nSeg\u00fan inform\u00f3 la Polic\u00eda en la ma\u00f1ana de este jueves, luego de tomar intervenci\u00f3n recolectaron pruebas e iniciaron una ronda de entrevista con vecinos de la zona donde ocurri\u00f3 el presunto homicidio, adem\u00e1s de verificar las im\u00e1genes de seguridad, lo que permiti\u00f3 determinar las caracter\u00edsticas de los autores. De esta manera se logr\u00f3 la detenci\u00f3n de ambos, uno de ellos en el barrio San Cayetano y el otro en el barrio Matadero.<br \/>\nAdem\u00e1s, informaron que junto a los arrestos se produjo el secuestro de una moto que habr\u00eda sido identificada como el medio de movilidad para el asesinato, y descubrieron que ambos detenidos contaban con elementos que pertenec\u00edan a la v\u00edctima. Ambos fueron notificados en la causa \u201csupuesto homicidio en ocasi\u00f3n de robo\u201d.<\/p>\n<p>El hecho<br \/>\nDe acuerdo a la reconstrucci\u00f3n de la Polic\u00eda, este jueves cerca de las 3:40 hallaron a Lucas Braian Romero de 30 a\u00f1os desvanecido sobre la vereda de la esquina de calle 21 y 000 de la localidad termal. Tras la intervenci\u00f3n del personal de salud, detectaron que el hombre estaba sin vida y contaba con una lesi\u00f3n en la zona intercostal del lado izquierdo.<br \/>\nAnte esta situaci\u00f3n, la Fiscal\u00eda de Investigaci\u00f3n Penal N\u00b0 4 a cargo del Dr. Gustavo Valero dispuso la intervenci\u00f3n de Medicina Legal, Gabinete Cient\u00edfico del Poder Judicial y la Divisi\u00f3n Bomberos Interior S\u00e1enz Pe\u00f1a, para comenzar el proceso de investigaci\u00f3n que ahora logr\u00f3 dos detenciones.<br \/>\nSeg\u00fan confirm\u00f3 la Polic\u00eda, Romero era oriundo de la provincia de Mendoza y hab\u00eda llegado a S\u00e1enz Pe\u00f1a en colectivo para visitar a su familia.<\/p><\/div>\n","protected":false},"excerpt":{"rendered":"<p>El hecho ocurri\u00f3 durante la madrugada de hoy, donde habr\u00edan asesinado a un hombre de 30 a\u00f1os que se desempe\u00f1aba en el Servicio Penitenciario Federal. Mediante c\u00e1maras de seguridad, lograron determinar a los presuntos autores. El hecho de sangre que ocurri\u00f3 esta madrugada en la localidad de Presidencia Roque S\u00e1enz Pe\u00f1a sum\u00f3 dos detenciones durante [&hellip;]<\/p>\n","protected":false},"author":1,"featured_media":27181,"comment_status":"closed","ping_status":"closed","sticky":false,"template":"","format":"standard","meta":{"footnotes":""},"categories":[6],"tags":[],"class_list":{"0":"post-27180","1":"post","2":"type-post","3":"status-publish","4":"format-standard","5":"has-post-thumbnail","7":"category-chaco"},"_links":{"self":[{"href":"https:\/\/chacosintesis.com.ar\/index.php\/wp-json\/wp\/v2\/posts\/27180","targetHints":{"allow":["GET"]}}],"collection":[{"href":"https:\/\/chacosintesis.com.ar\/index.php\/wp-json\/wp\/v2\/posts"}],"about":[{"href":"https:\/\/chacosintesis.com.ar\/index.php\/wp-json\/wp\/v2\/types\/post"}],"author":[{"embeddable":true,"href":"https:\/\/chacosintesis.com.ar\/index.php\/wp-json\/wp\/v2\/users\/1"}],"replies":[{"embeddable":true,"href":"https:\/\/chacosintesis.com.ar\/index.php\/wp-json\/wp\/v2\/comments?post=27180"}],"version-history":[{"count":0,"href":"https:\/\/chacosintesis.com.ar\/index.php\/wp-json\/wp\/v2\/posts\/27180\/revisions"}],"wp:featuredmedia":[{"embeddable":true,"href":"https:\/\/chacosintesis.com.ar\/index.php\/wp-json\/wp\/v2\/media\/27181"}],"wp:attachment":[{"href":"https:\/\/chacosintesis.com.ar\/index.php\/wp-json\/wp\/v2\/media?parent=27180"}],"wp:term":[{"taxonomy":"category","embeddable":true,"href":"https:\/\/chacosintesis.com.ar\/index.php\/wp-json\/wp\/v2\/categories?post=27180"},{"taxonomy":"post_tag","embeddable":true,"href":"https:\/\/chacosintesis.com.ar\/index.php\/wp-json\/wp\/v2\/tags?post=27180"}],"curies":[{"name":"wp","href":"https:\/\/api.w.org\/{rel}","templated":true}]}}