{"id":27176,"date":"2023-09-21T15:01:50","date_gmt":"2023-09-21T18:01:50","guid":{"rendered":"https:\/\/chacosintesis.com.ar\/?p=27176"},"modified":"2023-09-21T15:07:22","modified_gmt":"2023-09-21T18:07:22","slug":"zdero-anticipo-que-informara-su-gabinete-en-noviembre-y-pidio-tranquilidad-a-trabajadores","status":"publish","type":"post","link":"https:\/\/chacosintesis.com.ar\/index.php\/zdero-anticipo-que-informara-su-gabinete-en-noviembre-y-pidio-tranquilidad-a-trabajadores\/","title":{"rendered":"Zdero anticip\u00f3 que informar\u00e1 su gabinete en noviembre y pidi\u00f3 \u201ctranquilidad\u201d a trabajadores"},"content":{"rendered":"<div class=\"postie-post\">Adem\u00e1s, cont\u00f3 que a partir de la semana que viene su compa\u00f1era de f\u00f3rmula, Silvana Schneider, se pondr\u00e1 al frente de un equipo para comenzar la transici\u00f3n de gesti\u00f3n.<br \/>\nLuego de ganar las elecciones del \u00faltimo domingo, el gobernador electo Leandro Zdero cont\u00f3 en Radio Provincia del Chaco que ya se comenz\u00f3 el proceso de transici\u00f3n de gesti\u00f3n, y anticip\u00f3 que la semana que viene su vicegobernadora comandar\u00e1 los equipos que articular\u00e1n el cruce informativo con la gesti\u00f3n vigente.<br \/>\nDesde la vereda de la Legislatura Provincial, el actual diputado y futuro gobernador fue consultado sobre la cantidad de Ministerios previstos para su gesti\u00f3n, lo cual explic\u00f3 que \u201clo vamos a comunicar en noviembre junto al gabinete\u201d. En ese sentido, plante\u00f3 que se trabaja en una Ley de Ministerios \u201cque todos los gobernadores cuando ingresan lo han hecho. En cada gesti\u00f3n tambi\u00e9n se present\u00f3 la Ley, y despu\u00e9s poder adaptarla al Presupuesto\u201d.<br \/>\nEn continuidad a este proceso de traspaso de mando, Zdero explic\u00f3 que m\u00e1s all\u00e1 de lo hablado con el saliente Jorge Capitanich \u201cseguramente la semana que viene el equipo encabezado por la vicegobernadora electa Silvana Schneider tomar\u00e1 contacto con los equipos de Gobierno para una transici\u00f3n que entendemos, al menos, ser\u00e1 para hacer consultas necesarias para emprender el camino\u201d. A su vez, agreg\u00f3 que \u201cya hemos tomado contacto con algunos organismos, por lo menos con la decana de la Facultad de Ciencias Econ\u00f3micas, Moira Carri\u00f3, para que tambi\u00e9n se pueda disponer, a trav\u00e9s de otros organismos, en sistemas de auditor\u00edas\u201d.<br \/>\nAl ser preguntado sobre la precarizaci\u00f3n laboral dentro del Estado y el destino de estos trabajadores, plante\u00f3 que en sus objetivos \u201clo que pretendemos es trabajar sobre el Presupuesto que se va a presentar en la Legislatura, saber tambi\u00e9n cu\u00e1les son las instancias de obras, concluidas, paralizadas, de certificaci\u00f3n y estado de las mismas, manejo de presupuestos y endeudamiento, y lo otro se ir\u00e1 acomodando\u201d. En ese sentido pidi\u00f3 a todos los sectores \u201ctranquilidad\u201d y justific\u00f3 que \u201cvoy a asumir la gobernaci\u00f3n el 10 de diciembre\u201d. \u201cEntiendo que los procesos deben darse de manera responsable y as\u00ed lo hemos solicitado, transitemos en calma, queremos un Estado ordenado, eficiente, que de ninguna manera se prendan ya las campa\u00f1as del miedo\u201d, sum\u00f3.<br \/>\nFinalmente, ante las especulaciones generadas este \u00faltimo mi\u00e9rcoles por una presunta segunda vuelta devenida del escrutinio definitivo, Zdero sostuvo que \u201cla gente eligi\u00f3. Nos reunimos con el gobernador -Capitanich- y entendimos, y lo reconoci\u00f3 \u00e9l, que este es un tema resuelto\u201d, y reiter\u00f3 que \u201chay que llevar tranquilidad a la gente, hay que tenerla hasta el 10 diciembre, cuando asumamos y le digamos a la gente la verdad\u201d.<\/div>\n","protected":false},"excerpt":{"rendered":"<p>Adem\u00e1s, cont\u00f3 que a partir de la semana que viene su compa\u00f1era de f\u00f3rmula, Silvana Schneider, se pondr\u00e1 al frente de un equipo para comenzar la transici\u00f3n de gesti\u00f3n. Luego de ganar las elecciones del \u00faltimo domingo, el gobernador electo Leandro Zdero cont\u00f3 en Radio Provincia del Chaco que ya se comenz\u00f3 el proceso de [&hellip;]<\/p>\n","protected":false},"author":1,"featured_media":27177,"comment_status":"closed","ping_status":"closed","sticky":false,"template":"","format":"standard","meta":{"footnotes":""},"categories":[6],"tags":[],"class_list":{"0":"post-27176","1":"post","2":"type-post","3":"status-publish","4":"format-standard","5":"has-post-thumbnail","7":"category-chaco"},"_links":{"self":[{"href":"https:\/\/chacosintesis.com.ar\/index.php\/wp-json\/wp\/v2\/posts\/27176","targetHints":{"allow":["GET"]}}],"collection":[{"href":"https:\/\/chacosintesis.com.ar\/index.php\/wp-json\/wp\/v2\/posts"}],"about":[{"href":"https:\/\/chacosintesis.com.ar\/index.php\/wp-json\/wp\/v2\/types\/post"}],"author":[{"embeddable":true,"href":"https:\/\/chacosintesis.com.ar\/index.php\/wp-json\/wp\/v2\/users\/1"}],"replies":[{"embeddable":true,"href":"https:\/\/chacosintesis.com.ar\/index.php\/wp-json\/wp\/v2\/comments?post=27176"}],"version-history":[{"count":0,"href":"https:\/\/chacosintesis.com.ar\/index.php\/wp-json\/wp\/v2\/posts\/27176\/revisions"}],"wp:featuredmedia":[{"embeddable":true,"href":"https:\/\/chacosintesis.com.ar\/index.php\/wp-json\/wp\/v2\/media\/27177"}],"wp:attachment":[{"href":"https:\/\/chacosintesis.com.ar\/index.php\/wp-json\/wp\/v2\/media?parent=27176"}],"wp:term":[{"taxonomy":"category","embeddable":true,"href":"https:\/\/chacosintesis.com.ar\/index.php\/wp-json\/wp\/v2\/categories?post=27176"},{"taxonomy":"post_tag","embeddable":true,"href":"https:\/\/chacosintesis.com.ar\/index.php\/wp-json\/wp\/v2\/tags?post=27176"}],"curies":[{"name":"wp","href":"https:\/\/api.w.org\/{rel}","templated":true}]}}