{"id":27170,"date":"2023-09-21T14:52:07","date_gmt":"2023-09-21T17:52:07","guid":{"rendered":"https:\/\/chacosintesis.com.ar\/?p=27170"},"modified":"2023-09-21T15:07:08","modified_gmt":"2023-09-21T18:07:08","slug":"entregaron-vehiculos-para-fortalecer-el-cuidado-de-bosques-nativos-de-todo-el-pais","status":"publish","type":"post","link":"https:\/\/chacosintesis.com.ar\/index.php\/entregaron-vehiculos-para-fortalecer-el-cuidado-de-bosques-nativos-de-todo-el-pais\/","title":{"rendered":"Entregaron veh\u00edculos para fortalecer el cuidado de bosques nativos de todo el pa\u00eds"},"content":{"rendered":"<div class=\"postie-post\">Fueron adquiridos como parte de un financiamiento internacional obtenido por 82 millones de d\u00f3lares como pago por resultados para fortalecer las pol\u00edticas de conservaci\u00f3n y reducir la deforestaci\u00f3n.<br \/>\nEl Ministerio de Ambiente y Desarrollo Sostenible entreg\u00f3 56 camionetas 4&#215;4 para el fortalecimiento de la ley de bosques nativos en las 23 provincias en un acto celebrado en Tecn\u00f3polis. De ellas, 15 est\u00e1n destinadas a las nueve unidades regionales que integran el Programa Nacional de Extensi\u00f3n Forestal y 41 a tareas de control y monitoreo de bosques en cada jurisdicci\u00f3n.<br \/>\nEn la jornada, la secretaria de Pol\u00edtica Ambiental en Recursos Naturales, Beatriz Domingorena, destac\u00f3 el esfuerzo colectivo para implementar una pol\u00edtica p\u00fablica federal en materia de bosques, con un enfoque centrado en el fortalecimiento econ\u00f3mico de las provincias y en involucrar a las comunidades. Adem\u00e1s, resalt\u00f3 el crecimiento de la inversi\u00f3n en esta \u00e1rea y la importancia de abordar el cambio clim\u00e1tico como una pol\u00edtica p\u00fablica a largo plazo. \u201cHubo una decisi\u00f3n pol\u00edtica institucional muy fuerte de nuestro ministro, Juan Cabandi\u00e9, de lograr un fortalecimiento econ\u00f3mico en materia de la ley de bosques, que se constituye en una herramienta para brindar mayores ingresos en las provincias para que puedan generar este instrumento, pero como sabemos decir, con la gente adentro&#8221;, puntualiz\u00f3.<br \/>\nPor su parte, el director nacional de Bosques, Mart\u00edn M\u00f3naco, enfatiz\u00f3 la importancia de proteger los bosques, detener los desmontes ilegales, promover el desarrollo rural sostenible y abordar tanto los aspectos ambientales como sociales relacionados con la deforestaci\u00f3n. &#8220;Estamos convencidos de que el futuro es con los bosques. Somos gente que viene de trabajar en las provincias y no hemos tomado nunca una decisi\u00f3n por fuera de una determinaci\u00f3n del Consejo Federal del Medio Ambiente (COFEMA)\u201d, aclar\u00f3.<br \/>\nAdem\u00e1s, la oficial de Programas de la Organizaci\u00f3n de las Naciones Unidas para la Alimentaci\u00f3n y la Agricultura (FAO) en Argentina, Laura Escuder, indic\u00f3: \u201cEl foco principal del proyecto es abordar las causas estructurales de la deforestaci\u00f3n en Argentina, entre ellas el manejo no sostenible de la ganader\u00eda y el recurso forestal; as\u00ed como, los incendios forestales. La soluci\u00f3n planteada a esta problem\u00e1tica es fortalecer las capacidades de las comunidades locales para aprovechar las oportunidades que pueden brindar el manejo estrat\u00e9gico de los territorios y el bosque&#8221;.<br \/>\nEste esfuerzo es financiado mediante el proyecto Pagos por Resultados de REDD+ Argentina que contempla un total de 82 millones de d\u00f3lares otorgados por el Fondo Verde para el Clima para ser ejecutados por la cartera ambiental nacional junto a la FAO. En el caso del monto de inversi\u00f3n para los 56 veh\u00edculos, es de $ 1.165 millones.<br \/>\nCabe se\u00f1alar que la Ley 26331 establece los presupuestos m\u00ednimos de protecci\u00f3n ambiental para el enriquecimiento, restauraci\u00f3n, conservaci\u00f3n, aprovechamiento y manejo sostenible de los bosques nativos. En este marco, la cartera de ambiente nacional increment\u00f3 20 veces el Fondo Nacional para el Enriquecimiento y Conservaci\u00f3n de los Bosques Nativos.<\/div>\n","protected":false},"excerpt":{"rendered":"<p>Fueron adquiridos como parte de un financiamiento internacional obtenido por 82 millones de d\u00f3lares como pago por resultados para fortalecer las pol\u00edticas de conservaci\u00f3n y reducir la deforestaci\u00f3n. El Ministerio de Ambiente y Desarrollo Sostenible entreg\u00f3 56 camionetas 4&#215;4 para el fortalecimiento de la ley de bosques nativos en las 23 provincias en un acto [&hellip;]<\/p>\n","protected":false},"author":1,"featured_media":27171,"comment_status":"closed","ping_status":"closed","sticky":false,"template":"","format":"standard","meta":{"footnotes":""},"categories":[6],"tags":[],"class_list":{"0":"post-27170","1":"post","2":"type-post","3":"status-publish","4":"format-standard","5":"has-post-thumbnail","7":"category-chaco"},"_links":{"self":[{"href":"https:\/\/chacosintesis.com.ar\/index.php\/wp-json\/wp\/v2\/posts\/27170","targetHints":{"allow":["GET"]}}],"collection":[{"href":"https:\/\/chacosintesis.com.ar\/index.php\/wp-json\/wp\/v2\/posts"}],"about":[{"href":"https:\/\/chacosintesis.com.ar\/index.php\/wp-json\/wp\/v2\/types\/post"}],"author":[{"embeddable":true,"href":"https:\/\/chacosintesis.com.ar\/index.php\/wp-json\/wp\/v2\/users\/1"}],"replies":[{"embeddable":true,"href":"https:\/\/chacosintesis.com.ar\/index.php\/wp-json\/wp\/v2\/comments?post=27170"}],"version-history":[{"count":0,"href":"https:\/\/chacosintesis.com.ar\/index.php\/wp-json\/wp\/v2\/posts\/27170\/revisions"}],"wp:featuredmedia":[{"embeddable":true,"href":"https:\/\/chacosintesis.com.ar\/index.php\/wp-json\/wp\/v2\/media\/27171"}],"wp:attachment":[{"href":"https:\/\/chacosintesis.com.ar\/index.php\/wp-json\/wp\/v2\/media?parent=27170"}],"wp:term":[{"taxonomy":"category","embeddable":true,"href":"https:\/\/chacosintesis.com.ar\/index.php\/wp-json\/wp\/v2\/categories?post=27170"},{"taxonomy":"post_tag","embeddable":true,"href":"https:\/\/chacosintesis.com.ar\/index.php\/wp-json\/wp\/v2\/tags?post=27170"}],"curies":[{"name":"wp","href":"https:\/\/api.w.org\/{rel}","templated":true}]}}