{"id":27168,"date":"2023-09-21T14:48:26","date_gmt":"2023-09-21T17:48:26","guid":{"rendered":"https:\/\/chacosintesis.com.ar\/?p=27168"},"modified":"2023-09-21T15:07:03","modified_gmt":"2023-09-21T18:07:03","slug":"la-legislatura-entrego-el-premio-anual-a-jovenes-destacados","status":"publish","type":"post","link":"https:\/\/chacosintesis.com.ar\/index.php\/la-legislatura-entrego-el-premio-anual-a-jovenes-destacados\/","title":{"rendered":"La Legislatura entreg\u00f3 el Premio Anual a J\u00f3venes Destacados"},"content":{"rendered":"<div class=\"postie-post\">El premio fue instituido por  Ley  N\u00ba 3615-E, y se otorga cada a\u00f1o en concordancia con el D\u00eda Nacional de la Juventud que se conmemora el 16 de septiembre.<br \/>\nEl acto se llev\u00f3 a cabo en el Recinto de Sesiones del Poder Legislativo, donde acompa\u00f1ados de familiares y amigos, los j\u00f3venes obtuvieron el reconocimiento por su labor destacada en el \u00e1mbito cultural y la lucha por la equidad de g\u00e9nero. El premio fue instituido por  Ley  N\u00ba 3615-E, y se otorga cada a\u00f1o en concordancia con el D\u00eda Nacional de la Juventud que se conmemora el 16 de septiembre.<br \/>\nEstuvieron presentes el diputado Leandro Zdero, autor de la ley, acompa\u00f1ado por las y los legisladores Alejandro Aradas, D\u00e9bora Cardozo, Claudia Panzardi, Mariela Quir\u00f3s y Dorys Arkwright.<br \/>\nPrevio a la entrega de la placa recordatoria, Zdero remarc\u00f3 el objetivo de la iniciativa legislativa. \u201cPresentamos este proyecto que en su momento lo trabajamos con los j\u00f3venes a lo largo y ancho de la provincia y surgi\u00f3 con la idea que el m\u00e9rito y el esfuerzo sea valorado no solo destac\u00e1ndose, sino que la intenci\u00f3n es que desde el Ejecutivo provincial se les brinde tambi\u00e9n acompa\u00f1amiento. Esta iniciativa la ven\u00edamos trabajando desde hace tiempo y hoy se hace realidad, esperemos que sea un aliento a todos los j\u00f3venes que intentan superarse\u201d, manifest\u00f3.<br \/>\nLa titular de la Comisi\u00f3n de Peticiones, Poderes y Reglamentos D\u00e9bora Cardozo expres\u00f3 que \u201cdesde la cartera que llev\u00f3 adelante el desarrollo de la convocatoria, felicitamos a los protagonistas y agradecemos a los equipos, familias, instituciones que los acompa\u00f1an. Creemos que en otras ediciones se van a sumar m\u00e1s j\u00f3venes para que puedan contarnos y mostrarnos lo que hacen en pos de la igualdad y la cultura\u201d.<br \/>\nTambi\u00e9n la diputada Panzardi consider\u00f3 que \u201ces una iniciativa muy importante porque es el reconocimiento al potencial que tiene nuestra juventud, celebramos el consenso necesario para aprobar esta propuesta por unanimidad, ya que desde los distintos \u00e1mbitos debemos acompa\u00f1ar, hoy nos toca desde el Poder Legislativo y seguramente seguiremos desde los otros lugares con el objetivo de que los premiados sigan profundizando su vocaci\u00f3n y alentando a otros j\u00f3venes a seguir por ese camino\u201d.<br \/>\nPor \u00faltimo, la diputada Quir\u00f3s expres\u00f3 que \u201ces un d\u00eda de gran alegr\u00eda porque son j\u00f3venes que tienen sue\u00f1os y vamos a seguir construyendo hacia adelante con ellos porque con personas comprometidas, que tienen la mirada puesta en el otro y  sabemos que no solo podemos construir futuro sino tambi\u00e9n consolidar el presente lleno de valores y principios\u201d.<\/p>\n<p>Los homenajeados<br \/>\nMauro Isa\u00edas R\u00edos: conocido art\u00edsticamente como Mauriflow, por su profundo compromiso social, que desde sus comienzos dentro de la cultura del Hip Hop, con tan solo 12 a\u00f1os ha llevado las banderas de esta cultura represent\u00e1ndonos a nivel provincial y nacional con su gran talento de freestyle rap; promoviendo los valores fundamentales del respeto, amor, inclusi\u00f3n, y paz social.<br \/>\nFrancisco Daniel Acosta: coordinador de fundaci\u00f3n Kimera N.A, organizaci\u00f3n sin fines de lucro, entre sus actividades se destaca la lucha por la equidad de g\u00e9nero, el fomento al voluntariado social, la misma busca generar espacios de ayuda para colaborar en el desarrollo humano y social de toda persona cualquiera sea su edad, sexo, g\u00e9nero, raza, etnicidad, identidad ind\u00edgena, discapacidad, orientaci\u00f3n sexual e identidad de g\u00e9nero, sin distinci\u00f3n de origen, credos, estratos sociales e ideolog\u00eda pol\u00edtica los cuales quedan plasmados a partir de las actividades que la misma realiza, tambi\u00e9n se destaca  el trabajo que realiza a trav\u00e9s del voluntariado, impulsando a los j\u00f3venes a capacitarse, a fomentar la ayuda hacia el otro, a seguir estudiando inculcando valores para la construcci\u00f3n de j\u00f3venes capaces y empoder\u00e1ndolos para ser mejores personas en la vida.<\/p><\/div>\n","protected":false},"excerpt":{"rendered":"<p>El premio fue instituido por Ley N\u00ba 3615-E, y se otorga cada a\u00f1o en concordancia con el D\u00eda Nacional de la Juventud que se conmemora el 16 de septiembre. El acto se llev\u00f3 a cabo en el Recinto de Sesiones del Poder Legislativo, donde acompa\u00f1ados de familiares y amigos, los j\u00f3venes obtuvieron el reconocimiento por [&hellip;]<\/p>\n","protected":false},"author":1,"featured_media":27169,"comment_status":"closed","ping_status":"closed","sticky":false,"template":"","format":"standard","meta":{"footnotes":""},"categories":[6],"tags":[],"class_list":{"0":"post-27168","1":"post","2":"type-post","3":"status-publish","4":"format-standard","5":"has-post-thumbnail","7":"category-chaco"},"_links":{"self":[{"href":"https:\/\/chacosintesis.com.ar\/index.php\/wp-json\/wp\/v2\/posts\/27168","targetHints":{"allow":["GET"]}}],"collection":[{"href":"https:\/\/chacosintesis.com.ar\/index.php\/wp-json\/wp\/v2\/posts"}],"about":[{"href":"https:\/\/chacosintesis.com.ar\/index.php\/wp-json\/wp\/v2\/types\/post"}],"author":[{"embeddable":true,"href":"https:\/\/chacosintesis.com.ar\/index.php\/wp-json\/wp\/v2\/users\/1"}],"replies":[{"embeddable":true,"href":"https:\/\/chacosintesis.com.ar\/index.php\/wp-json\/wp\/v2\/comments?post=27168"}],"version-history":[{"count":0,"href":"https:\/\/chacosintesis.com.ar\/index.php\/wp-json\/wp\/v2\/posts\/27168\/revisions"}],"wp:featuredmedia":[{"embeddable":true,"href":"https:\/\/chacosintesis.com.ar\/index.php\/wp-json\/wp\/v2\/media\/27169"}],"wp:attachment":[{"href":"https:\/\/chacosintesis.com.ar\/index.php\/wp-json\/wp\/v2\/media?parent=27168"}],"wp:term":[{"taxonomy":"category","embeddable":true,"href":"https:\/\/chacosintesis.com.ar\/index.php\/wp-json\/wp\/v2\/categories?post=27168"},{"taxonomy":"post_tag","embeddable":true,"href":"https:\/\/chacosintesis.com.ar\/index.php\/wp-json\/wp\/v2\/tags?post=27168"}],"curies":[{"name":"wp","href":"https:\/\/api.w.org\/{rel}","templated":true}]}}