{"id":27160,"date":"2023-09-21T14:20:49","date_gmt":"2023-09-21T17:20:49","guid":{"rendered":"https:\/\/chacosintesis.com.ar\/?p=27160"},"modified":"2023-09-21T14:38:17","modified_gmt":"2023-09-21T17:38:17","slug":"la-fundacion-napalpi-asesora-a-las-fuerzas-armadas-en-la-elaboracion-de-un-manual-de-formacion","status":"publish","type":"post","link":"https:\/\/chacosintesis.com.ar\/index.php\/la-fundacion-napalpi-asesora-a-las-fuerzas-armadas-en-la-elaboracion-de-un-manual-de-formacion\/","title":{"rendered":"La Fundaci\u00f3n Napalp\u00ed asesora a las Fuerzas Armadas en la elaboraci\u00f3n de un manual de formaci\u00f3n"},"content":{"rendered":"<div class=\"postie-post\">La presidenta de la Fundaci\u00f3n Napalp\u00ed, Gabriela Morinigo, inform\u00f3 que &#8220;las Fuerzas Armadas est\u00e1n elaborando un manual con contenidos sobre la Masacre de Napalp\u00ed para sumarlo a la formaci\u00f3n de su personal en el respeto a los Derechos Humanos de los pueblos ind\u00edgenas&#8221;, en v\u00edsperas de una nueva edici\u00f3n del Seminario de reflexi\u00f3n sobre el Genocidio Ind\u00edgena en el Chaco argentino. Morinigo, que tambi\u00e9n integra la Unidad Ejecutora que acompa\u00f1a la Sentencia del Juicio por la Verdad de la Masacre de Napalp\u00ed, participar\u00e1 de un panel en el Sexto Seminario de reflexi\u00f3n sobre el Genocidio Ind\u00edgena en el Chaco argentino, el 22 y 23 de septiembre. &#8220;Se trata de una actividad que mostrar\u00e1 un paneo sobre la evoluci\u00f3n de la aplicaci\u00f3n de la sentencia del juicio&#8221;, indic\u00f3 a T\u00e9lam la titular de la fundaci\u00f3n, que es escritora y docente de la Universidad Nacional del Nordeste. La denominada Masacre de Napalp\u00ed fue una matanza de m\u00e1s cuatrocientos integrantes de los pueblos Qom y Moqoit, perpetrada por un centenar de polic\u00edas, gendarmes y colonos en 1924 en la provincia de Chaco, donde asesinaron a ni\u00f1as y ni\u00f1os, mujeres, algunas de ellas embarazadas, varones, ancianos y ancianas. En mayo del a\u00f1o pasado culmin\u00f3 el juicio oral y p\u00fablico donde fueron querellantes el Estado chaque\u00f1o y el Instituto del Aborigen Chaque\u00f1o, con una sentencia judicial y el dictamen de una serie de medidas reparatorias en lo que la justicia consider\u00f3 como un crimen de lesa humanidad. Una de las medidas ordenas &#8220;al Ministerio de Seguridad de la Naci\u00f3n y de la provincia del Chaco fue que se incorpore a la instrucci\u00f3n y capacitaci\u00f3n de las fuerzas federales y provinciales un m\u00f3dulo sobre respeto a los Derechos Humanos de los Pueblos Ind\u00edgenas&#8221;. Esta agencia sostuvo un di\u00e1logo, previo al inicio de las jornadas en cuesti\u00f3n, en el que Morinigo abord\u00f3 los temas destacados que ser\u00e1n parte del seminario. Respecto a la formaci\u00f3n de las Fuerzas Armadas, indic\u00f3 que est\u00e1n &#8220;manteniendo reuniones con distintos organismos que tienen que acatar lo que dice la sentencia, como la Subsecretaria de Carrera y Formaci\u00f3n del Ministerio de Seguridad de la Naci\u00f3n, quienes nos pidieron sugerencias y recomendaciones de contenidos y la metodolog\u00eda de c\u00f3mo brindarlos&#8221;. &#8220;Enviamos material que puede serles de utilidad y ellos nos mandaron la producci\u00f3n de un manual donde se incluye contenido sobre Napalp\u00ed, para que podamos hacer los aportes pertinentes, que si bien son cuestiones b\u00e1sicas es importante sumarlas a la formaci\u00f3n de las Fuerzas Armadas respecto al trato que deben tener con las personas ind\u00edgenas&#8221;, relat\u00f3. La Fundaci\u00f3n Napalp\u00ed y el Instituto de Investigaciones Geohist\u00f3ricas (dependiente de la Universidad Nacional del Nordeste y el Conicet) organizan, desde el a\u00f1o 2017, el Seminario de Reflexi\u00f3n sobre el Genocidio Ind\u00edgena en el Chaco argentino con la participaci\u00f3n de acad\u00e9micos, funcionarios p\u00fablicos e integrantes de los pueblos qom, wich\u00ed y moqoit, como as\u00ed tambi\u00e9n de pueblos originarios de otras provincias. &#8220;Este a\u00f1o, para las jornadas, invitamos a docentes interculturales biling\u00fces de los pueblos qom y moqoit porque -por ejemplo- hablar de masacre en el nivel inicial es un gran desaf\u00edo, y el objetivo es aportar ideas de c\u00f3mo trabajar la tem\u00e1tica en los distintos niveles educativos&#8221;, remarc\u00f3 la titular de la Fundaci\u00f3n Napalp\u00ed. Durante las jornadas se presentar\u00e1 un &#8220;Foto Libro del juicio&#8221; y los libros &#8220;Los susurros de la abuela Matilde&#8221; y &#8220;Testigos son los cuervos. A la salud de los archivos&#8221;. Por su lado, Sergio L\u00f3pez, referente ind\u00edgena e integrante de la Unidad Ejecutora que acompa\u00f1a la Sentencia del Juicio por la Verdad de la Masacre de Napalp\u00ed cont\u00f3 a esta agencia que &#8220;fue muy significativo que hermanos y hermanas de los pueblos qom y moqoit puedan atestiguar durante el juicio, y tambi\u00e9n es muy gratificante la sentencia porque esa masacre sigue siendo una herida abierta para los ind\u00edgenas de esta provincia&#8221;. &#8220;Es importante recordar el pedido de perd\u00f3n del gobernador chaque\u00f1o Jorge Capitanich, que en enero del a\u00f1o 2008 realiz\u00f3 el pedido de disculpas a los pueblos ind\u00edgenas por esta masacre, durante el cumplea\u00f1os 107 de Melitona Enrique, una de las sobrevivientes de este aberrante hecho&#8221;, destac\u00f3. Por otro lado, L\u00f3pez indic\u00f3 que desde la Unidad Ejecutora vienen &#8220;trabajando fuertemente&#8221; la aplicaci\u00f3n de la ley 26.160: &#8220;En agosto hicimos entrega de m\u00e1s de 20 carpetas t\u00e9cnicas de relevamiento territorial a comunidades wich\u00ed del norte de la provincia&#8221; &#8220;Ahora, nuevamente, se firm\u00f3 el convenio entre la provincia y el Instituto Nacional de Asuntos Ind\u00edgenas (INAI) para darle continuidad al relevamiento, lo que nos alegra porque venimos preocupados por las acciones y dichos de candidatos de la derecha que quiere derogar la ley de relevamiento de comunidades ind\u00edgenas&#8221;, agreg\u00f3. L\u00f3pez, a su vez, integra el Consejo de Participaci\u00f3n Ind\u00edgena, preside la Cooperativa de trabajo &#8220;Nala Llalaqp\u00ed&#8221;, que en lengua qom l&#8217;aqtaqa significa Hijos del Sol y coordina la Liga de trabajadores rurales y pueblos ind\u00edgenas desde donde viene realizando un arduo trabajo de Soberan\u00eda alimentaria junto a comunidades de su pueblo.<\/p>\n<p>Fuente: T\u00e9lam<\/p><\/div>\n","protected":false},"excerpt":{"rendered":"<p>La presidenta de la Fundaci\u00f3n Napalp\u00ed, Gabriela Morinigo, inform\u00f3 que &#8220;las Fuerzas Armadas est\u00e1n elaborando un manual con contenidos sobre la Masacre de Napalp\u00ed para sumarlo a la formaci\u00f3n de su personal en el respeto a los Derechos Humanos de los pueblos ind\u00edgenas&#8221;, en v\u00edsperas de una nueva edici\u00f3n del Seminario de reflexi\u00f3n sobre el [&hellip;]<\/p>\n","protected":false},"author":1,"featured_media":27161,"comment_status":"closed","ping_status":"closed","sticky":false,"template":"","format":"standard","meta":{"footnotes":""},"categories":[6],"tags":[],"class_list":{"0":"post-27160","1":"post","2":"type-post","3":"status-publish","4":"format-standard","5":"has-post-thumbnail","7":"category-chaco"},"_links":{"self":[{"href":"https:\/\/chacosintesis.com.ar\/index.php\/wp-json\/wp\/v2\/posts\/27160","targetHints":{"allow":["GET"]}}],"collection":[{"href":"https:\/\/chacosintesis.com.ar\/index.php\/wp-json\/wp\/v2\/posts"}],"about":[{"href":"https:\/\/chacosintesis.com.ar\/index.php\/wp-json\/wp\/v2\/types\/post"}],"author":[{"embeddable":true,"href":"https:\/\/chacosintesis.com.ar\/index.php\/wp-json\/wp\/v2\/users\/1"}],"replies":[{"embeddable":true,"href":"https:\/\/chacosintesis.com.ar\/index.php\/wp-json\/wp\/v2\/comments?post=27160"}],"version-history":[{"count":0,"href":"https:\/\/chacosintesis.com.ar\/index.php\/wp-json\/wp\/v2\/posts\/27160\/revisions"}],"wp:featuredmedia":[{"embeddable":true,"href":"https:\/\/chacosintesis.com.ar\/index.php\/wp-json\/wp\/v2\/media\/27161"}],"wp:attachment":[{"href":"https:\/\/chacosintesis.com.ar\/index.php\/wp-json\/wp\/v2\/media?parent=27160"}],"wp:term":[{"taxonomy":"category","embeddable":true,"href":"https:\/\/chacosintesis.com.ar\/index.php\/wp-json\/wp\/v2\/categories?post=27160"},{"taxonomy":"post_tag","embeddable":true,"href":"https:\/\/chacosintesis.com.ar\/index.php\/wp-json\/wp\/v2\/tags?post=27160"}],"curies":[{"name":"wp","href":"https:\/\/api.w.org\/{rel}","templated":true}]}}