{"id":27154,"date":"2023-09-21T14:12:21","date_gmt":"2023-09-21T17:12:21","guid":{"rendered":"https:\/\/chacosintesis.com.ar\/?p=27154"},"modified":"2023-09-21T14:38:03","modified_gmt":"2023-09-21T17:38:03","slug":"produccion-instalara-sensores-que-miden-la-humedad-del-suelo","status":"publish","type":"post","link":"https:\/\/chacosintesis.com.ar\/index.php\/produccion-instalara-sensores-que-miden-la-humedad-del-suelo\/","title":{"rendered":"Producci\u00f3n instalar\u00e1 sensores que miden la humedad del suelo"},"content":{"rendered":"<div class=\"postie-post\">Este esquema que propicia la cartera productiva mejorar\u00e1 la capacidad local de anticiparse a impactos en la actividad productiva por excesos y d\u00e9ficit h\u00eddricos.<br \/>\nPara trabajar en la mitigaci\u00f3n de eventuales desastres agr\u00edcolas, el Ministerio de Producci\u00f3n, Industria y Empleo avanzar\u00e1 con la instalaci\u00f3n en distintos puntos estrat\u00e9gicos de la provincia de sensores que miden la humedad del suelo.<br \/>\nSe trata de una iniciativa impulsada por el Gobierno provincial en articulaci\u00f3n con el Ministerio de Ciencia, Tecnolog\u00eda e Innovaci\u00f3n de la Naci\u00f3n, a trav\u00e9s del programa ImpaCT.AR.<br \/>\nEste esquema que lleva adelante Producci\u00f3n se denomina \u201cMedici\u00f3n de humedad de suelo in situ y en tiempo real en territorio Chaque\u00f1o para la mitigaci\u00f3n de desastres agr\u00edcolas, ganaderos y ambientales por fen\u00f3menos clim\u00e1ticos\u201d.<br \/>\nA partir de estas acciones y con la aprobaci\u00f3n nacional se instalar\u00e1n los sensores de suelo para ajustar el sat\u00e9lite y hacer los perfiles de humedad a dos metros de profundidad en la tierra.<br \/>\nDe esta manera, se crear\u00e1 una red de medici\u00f3n en tiempo real de humedad del suelo in situ que permitir\u00e1 explorar las metodolog\u00edas de calibraci\u00f3n de informaci\u00f3n derivada de sat\u00e9lites.<br \/>\nFinalmente, este esquema que propicia la cartera productiva mejorar\u00e1 la capacidad local de anticiparse a impactos en la actividad productiva por excesos y d\u00e9ficit h\u00eddricos.<br \/>\nLa iniciativa, que se conoce como Desaf\u00edo 172, hab\u00eda sido presentada por el Ministerio de Producci\u00f3n a trav\u00e9s del Centro de Documentaci\u00f3n e Informaci\u00f3n (Cedei) que funciona bajo la \u00f3rbita de la Subsecretar\u00eda de Agricultura.<br \/>\nDesde el Cedei indicaron que \u201cmantener funcionando a todos los sensores de la red y darles continuidad temporal a las mediciones de humedad del suelo es una prioridad del proyecto\u201d.<br \/>\nSe\u00f1alaron que para la planificaci\u00f3n del se ha considerado como probable que haya sensores que dejen de medir ya sea por cuestiones de conectividad, funcionamiento o en el caso m\u00e1s extremo por hurto\u201d.<br \/>\nEl equipo t\u00e9cnico de ese organismo cuenta con conocimiento de campo y personal dedicado para la conservaci\u00f3n de la red.<br \/>\nEl servidor de almacenamiento en que estar\u00e1 la base de datos de las mediciones se ubicar\u00e1 en el Ceconea (centro de c\u00f3mputos del noreste argentino adherido al Sistema Nacional de Computaci\u00f3n de Alto Desempe\u00f1o (SNCAD) con m\u00e1s de una d\u00e9cada de funcionamiento), que posee personal espec\u00edfico y fondos para el mantenimiento del equipamiento.<\/p>\n<p>El impulso del programa ImpaCT.AR<\/p>\n<p>El programa ImpaCT.AR Ciencia y Tecnolog\u00eda tiene el prop\u00f3sito de promover proyectos de investigaci\u00f3n y desarrollo destinados a brindar apoyo a organismos p\u00fablicos -en todos sus niveles- en la b\u00fasqueda de soluciones a desaf\u00edos de inter\u00e9s p\u00fablico, que requieran del conocimiento cient\u00edfico o el desarrollo tecnol\u00f3gico para alcanzar su resoluci\u00f3n, y as\u00ed un efecto positivo en la sociedad.<br \/>\nEsta iniciativa se propone fortalecer el impacto de la ciencia, la tecnolog\u00eda y la innovaci\u00f3n en la construcci\u00f3n y aplicaci\u00f3n de pol\u00edticas p\u00fablicas.<br \/>\nDesde el gobierno nacional se trabaja en una convocatoria orientada a la promoci\u00f3n de iniciativas conjuntas entre instituciones cient\u00edfico-tecnol\u00f3gicas y organismos p\u00fablicos entre ellos ministerios, empresas p\u00fablicas, gobiernos provinciales y municipales.<\/p><\/div>\n","protected":false},"excerpt":{"rendered":"<p>Este esquema que propicia la cartera productiva mejorar\u00e1 la capacidad local de anticiparse a impactos en la actividad productiva por excesos y d\u00e9ficit h\u00eddricos. Para trabajar en la mitigaci\u00f3n de eventuales desastres agr\u00edcolas, el Ministerio de Producci\u00f3n, Industria y Empleo avanzar\u00e1 con la instalaci\u00f3n en distintos puntos estrat\u00e9gicos de la provincia de sensores que miden [&hellip;]<\/p>\n","protected":false},"author":1,"featured_media":27155,"comment_status":"closed","ping_status":"closed","sticky":false,"template":"","format":"standard","meta":{"footnotes":""},"categories":[6],"tags":[],"class_list":{"0":"post-27154","1":"post","2":"type-post","3":"status-publish","4":"format-standard","5":"has-post-thumbnail","7":"category-chaco"},"_links":{"self":[{"href":"https:\/\/chacosintesis.com.ar\/index.php\/wp-json\/wp\/v2\/posts\/27154","targetHints":{"allow":["GET"]}}],"collection":[{"href":"https:\/\/chacosintesis.com.ar\/index.php\/wp-json\/wp\/v2\/posts"}],"about":[{"href":"https:\/\/chacosintesis.com.ar\/index.php\/wp-json\/wp\/v2\/types\/post"}],"author":[{"embeddable":true,"href":"https:\/\/chacosintesis.com.ar\/index.php\/wp-json\/wp\/v2\/users\/1"}],"replies":[{"embeddable":true,"href":"https:\/\/chacosintesis.com.ar\/index.php\/wp-json\/wp\/v2\/comments?post=27154"}],"version-history":[{"count":0,"href":"https:\/\/chacosintesis.com.ar\/index.php\/wp-json\/wp\/v2\/posts\/27154\/revisions"}],"wp:featuredmedia":[{"embeddable":true,"href":"https:\/\/chacosintesis.com.ar\/index.php\/wp-json\/wp\/v2\/media\/27155"}],"wp:attachment":[{"href":"https:\/\/chacosintesis.com.ar\/index.php\/wp-json\/wp\/v2\/media?parent=27154"}],"wp:term":[{"taxonomy":"category","embeddable":true,"href":"https:\/\/chacosintesis.com.ar\/index.php\/wp-json\/wp\/v2\/categories?post=27154"},{"taxonomy":"post_tag","embeddable":true,"href":"https:\/\/chacosintesis.com.ar\/index.php\/wp-json\/wp\/v2\/tags?post=27154"}],"curies":[{"name":"wp","href":"https:\/\/api.w.org\/{rel}","templated":true}]}}