{"id":27152,"date":"2023-09-21T14:09:57","date_gmt":"2023-09-21T17:09:57","guid":{"rendered":"https:\/\/chacosintesis.com.ar\/?p=27152"},"modified":"2023-09-21T14:37:58","modified_gmt":"2023-09-21T17:37:58","slug":"realizan-una-feria-escolar-de-salud-en-el-marco-de-la-semana-del-bienestar","status":"publish","type":"post","link":"https:\/\/chacosintesis.com.ar\/index.php\/realizan-una-feria-escolar-de-salud-en-el-marco-de-la-semana-del-bienestar\/","title":{"rendered":"Realizan una feria escolar de salud en el marco de la Semana del Bienestar"},"content":{"rendered":"<div class=\"postie-post\">En la E.P.P. N\u00b0 169 R\u00f3mulo Z\u00e1bala, bajo el lema \u201cLos cuidados que necesitamos, los cuidados que queremos\u201d, se llev\u00f3 a cabo esta actividad que cont\u00f3 con diferentes talleres.<br \/>\nOrganizada en forma conjunta entre los ministerios de Salud P\u00fablica y Educaci\u00f3n de la Provincia, a trav\u00e9s del Programa Nacional de Salud Escolar (ProSanE) en el marco de la Semana del Bienestar, tuvo lugar una Feria de Salud en la E.P.P. N\u00b0 169 R\u00f3mulo Z\u00e1bala de Resistencia. La actividad se llev\u00f3 a cabo este mi\u00e9rcoles 20 y se realizaron controles oftalmol\u00f3gicos, odontol\u00f3gicos, de presi\u00f3n arterial, antropom\u00e9tricos de peso y talla, y adem\u00e1s se sumaron talleres de Promoci\u00f3n de la Salud y una posta de vacunaci\u00f3n.<br \/>\nClaudia Fajans, Coordinadora del ProSanE Chaco, relat\u00f3 que \u201cadem\u00e1s de los stands de controles m\u00e9dicos, se realizaron talleres de higiene de mano, salud bucodental, salud sexual y alimentaci\u00f3n saludable\u201d. Tambi\u00e9n explic\u00f3 que \u201clos controles realizados a ni\u00f1os, ni\u00f1as y adolescentes del establecimiento escolar se cargan al sistema y cualquier problema de salud detectado se deriva al centro de salud correspondiente y desde el programa realizamos el seguimiento y la intervenci\u00f3n oportuna\u201d.<br \/>\nParticiparon de la actividad la Escuela de Salud P\u00fablica, el Programa Ampliado de Inmunizaciones, el Centro de Salud Santa Catalina y las direcciones de Odontolog\u00eda, Nutrici\u00f3n y Enfermer\u00eda de la cartera sanitaria provincial.<\/p>\n<p>Sobre la Semana del Bienestar<\/p>\n<p>La Semana del Bienestar es una iniciativa creada por la Organizaci\u00f3n Panamericana de la Salud (OPS) que est\u00e1 dirigida a promover la salud y el bienestar en toda la Regi\u00f3n de las Am\u00e9ricas. Se trata de impulsar el movimiento de Promoci\u00f3n de la Salud en el continente para potenciar comunidades m\u00e1s saludables, visibilizando acciones con el compromiso y la participaci\u00f3n de diferentes actores.<br \/>\nEn este 2023 recuerda que la salud en todos los \u00e1mbitos va m\u00e1s all\u00e1 de la mera ausencia de enfermedad. Se trata de crear entornos saludables que promuevan el bienestar f\u00edsico y emocional, fomentando buenos h\u00e1bitos, controles sanitarios, y difundiendo sus derechos desde la primera infancia.<\/p><\/div>\n","protected":false},"excerpt":{"rendered":"<p>En la E.P.P. N\u00b0 169 R\u00f3mulo Z\u00e1bala, bajo el lema \u201cLos cuidados que necesitamos, los cuidados que queremos\u201d, se llev\u00f3 a cabo esta actividad que cont\u00f3 con diferentes talleres. Organizada en forma conjunta entre los ministerios de Salud P\u00fablica y Educaci\u00f3n de la Provincia, a trav\u00e9s del Programa Nacional de Salud Escolar (ProSanE) en el [&hellip;]<\/p>\n","protected":false},"author":1,"featured_media":27153,"comment_status":"closed","ping_status":"closed","sticky":false,"template":"","format":"standard","meta":{"footnotes":""},"categories":[6],"tags":[],"class_list":{"0":"post-27152","1":"post","2":"type-post","3":"status-publish","4":"format-standard","5":"has-post-thumbnail","7":"category-chaco"},"_links":{"self":[{"href":"https:\/\/chacosintesis.com.ar\/index.php\/wp-json\/wp\/v2\/posts\/27152","targetHints":{"allow":["GET"]}}],"collection":[{"href":"https:\/\/chacosintesis.com.ar\/index.php\/wp-json\/wp\/v2\/posts"}],"about":[{"href":"https:\/\/chacosintesis.com.ar\/index.php\/wp-json\/wp\/v2\/types\/post"}],"author":[{"embeddable":true,"href":"https:\/\/chacosintesis.com.ar\/index.php\/wp-json\/wp\/v2\/users\/1"}],"replies":[{"embeddable":true,"href":"https:\/\/chacosintesis.com.ar\/index.php\/wp-json\/wp\/v2\/comments?post=27152"}],"version-history":[{"count":0,"href":"https:\/\/chacosintesis.com.ar\/index.php\/wp-json\/wp\/v2\/posts\/27152\/revisions"}],"wp:featuredmedia":[{"embeddable":true,"href":"https:\/\/chacosintesis.com.ar\/index.php\/wp-json\/wp\/v2\/media\/27153"}],"wp:attachment":[{"href":"https:\/\/chacosintesis.com.ar\/index.php\/wp-json\/wp\/v2\/media?parent=27152"}],"wp:term":[{"taxonomy":"category","embeddable":true,"href":"https:\/\/chacosintesis.com.ar\/index.php\/wp-json\/wp\/v2\/categories?post=27152"},{"taxonomy":"post_tag","embeddable":true,"href":"https:\/\/chacosintesis.com.ar\/index.php\/wp-json\/wp\/v2\/tags?post=27152"}],"curies":[{"name":"wp","href":"https:\/\/api.w.org\/{rel}","templated":true}]}}