{"id":27140,"date":"2023-09-21T11:53:59","date_gmt":"2023-09-21T14:53:59","guid":{"rendered":"https:\/\/chacosintesis.com.ar\/?p=27140"},"modified":"2023-09-21T12:07:05","modified_gmt":"2023-09-21T15:07:05","slug":"denuncia-penal-a-tito-lopez-por-intimidacion","status":"publish","type":"post","link":"https:\/\/chacosintesis.com.ar\/index.php\/denuncia-penal-a-tito-lopez-por-intimidacion\/","title":{"rendered":"Denuncia Penal a &#8220;Tito&#8221; L\u00f3pez por intimidaci\u00f3n"},"content":{"rendered":"<div class=\"postie-post\">Los diputados del bloque radical realizaron esta ma\u00f1ana, una denuncia contra \u201cTito\u201d L\u00f3pez por delitos tipificados en el C\u00f3digo Penal, Intimidaci\u00f3n P\u00fablica e Incitaci\u00f3n a la Violencia Colectiva. \u201cNo vamos a permitir el avasallamiento a nuestro sistema democr\u00e1tico de gobierno ni a la sociedad. Personajes como L\u00f3pez, deber\u00e1n comenzar a respetar los canales de di\u00e1logo como cualquier ciudadano de nuestra provincia\u201d- expresaron.<\/p>\n<p>La presentaci\u00f3n se realiz\u00f3 en la Mesa de Entrada (MUIIT) de las Fiscal\u00edas Penales (Av. 9 de Julio 318). \u201cSe puede afirmar al respecto, que el conjunto de condiciones fundamentales de la vida social instituida en un sistema republicano y democr\u00e1tico de gobierno, en el cual no podemos permitir que se afecten o sean alteradas por la voluntad de un individuo que se arroga la facultad de decidir en base a sus pretensiones las medidas directas que va a adoptar en contra del gobernador electo sr. Leandro Zdero\u201d.<\/p>\n<p>La denuncia expresa tambi\u00e9n que: \u201cL\u00f3pez, en comunicaci\u00f3n con un medio local, se\u00f1al\u00f3 que en treinta d\u00edas de no &#8221;hablar con \u00e9l&#8221;, existe la posibilidad de que acontezca un mal, amenazando con la posibilidad de generar un conflicto a la sociedad si no se someten a las condiciones que \u00e9l mismo determine. L\u00f3pez infunde un temor p\u00fablico, ya que se refiere a atemorizar o inducir miedo a un n\u00famero indeterminado de personas, sometiendo el resultado a su propia voluntad, arrog\u00e1ndose la representaci\u00f3n del pueblo.<\/p>\n<p>Es decir, afecta el \u00e1nimo p\u00fablico ante la posibilidad de medidas violentas al empezar hablando de &#8221;balas&#8221; y de la integridad f\u00edsica de la comunidad, ante la perpetraci\u00f3n de un suceso o evento que pueda tener consecuencias lesivas y desestabilizadoras del orden institucional. Por su parte, tambi\u00e9n se puede se\u00f1alar que los dichos de L\u00f3pez implican la provocaci\u00f3n de movimientos desatinados e irracionales de una muchedumbre humana, las cuales tomar\u00e1n medidas en contra de Leandro Zdero si \u00e9ste no se pone a su disposici\u00f3n y cumple con sus exigencias\u201d<\/p><\/div>\n","protected":false},"excerpt":{"rendered":"<p>Los diputados del bloque radical realizaron esta ma\u00f1ana, una denuncia contra \u201cTito\u201d L\u00f3pez por delitos tipificados en el C\u00f3digo Penal, Intimidaci\u00f3n P\u00fablica e Incitaci\u00f3n a la Violencia Colectiva. \u201cNo vamos a permitir el avasallamiento a nuestro sistema democr\u00e1tico de gobierno ni a la sociedad. Personajes como L\u00f3pez, deber\u00e1n comenzar a respetar los canales de di\u00e1logo [&hellip;]<\/p>\n","protected":false},"author":1,"featured_media":27141,"comment_status":"closed","ping_status":"closed","sticky":false,"template":"","format":"standard","meta":{"footnotes":""},"categories":[6],"tags":[],"class_list":{"0":"post-27140","1":"post","2":"type-post","3":"status-publish","4":"format-standard","5":"has-post-thumbnail","7":"category-chaco"},"_links":{"self":[{"href":"https:\/\/chacosintesis.com.ar\/index.php\/wp-json\/wp\/v2\/posts\/27140","targetHints":{"allow":["GET"]}}],"collection":[{"href":"https:\/\/chacosintesis.com.ar\/index.php\/wp-json\/wp\/v2\/posts"}],"about":[{"href":"https:\/\/chacosintesis.com.ar\/index.php\/wp-json\/wp\/v2\/types\/post"}],"author":[{"embeddable":true,"href":"https:\/\/chacosintesis.com.ar\/index.php\/wp-json\/wp\/v2\/users\/1"}],"replies":[{"embeddable":true,"href":"https:\/\/chacosintesis.com.ar\/index.php\/wp-json\/wp\/v2\/comments?post=27140"}],"version-history":[{"count":0,"href":"https:\/\/chacosintesis.com.ar\/index.php\/wp-json\/wp\/v2\/posts\/27140\/revisions"}],"wp:featuredmedia":[{"embeddable":true,"href":"https:\/\/chacosintesis.com.ar\/index.php\/wp-json\/wp\/v2\/media\/27141"}],"wp:attachment":[{"href":"https:\/\/chacosintesis.com.ar\/index.php\/wp-json\/wp\/v2\/media?parent=27140"}],"wp:term":[{"taxonomy":"category","embeddable":true,"href":"https:\/\/chacosintesis.com.ar\/index.php\/wp-json\/wp\/v2\/categories?post=27140"},{"taxonomy":"post_tag","embeddable":true,"href":"https:\/\/chacosintesis.com.ar\/index.php\/wp-json\/wp\/v2\/tags?post=27140"}],"curies":[{"name":"wp","href":"https:\/\/api.w.org\/{rel}","templated":true}]}}