{"id":27138,"date":"2023-09-20T19:32:09","date_gmt":"2023-09-20T22:32:09","guid":{"rendered":"https:\/\/chacosintesis.com.ar\/?p=27138"},"modified":"2023-09-20T19:37:57","modified_gmt":"2023-09-20T22:37:57","slug":"la-legislatura-sanciono-el-regimen-de-regulacion-excepcional-de-obligaciones-tributarias","status":"publish","type":"post","link":"https:\/\/chacosintesis.com.ar\/index.php\/la-legislatura-sanciono-el-regimen-de-regulacion-excepcional-de-obligaciones-tributarias\/","title":{"rendered":"La Legislatura sancion\u00f3 el r\u00e9gimen de regulaci\u00f3n excepcional de obligaciones tributarias"},"content":{"rendered":"<div class=\"postie-post\">La iniciativa fue girada a la C\u00e1mara de Diputados por el Poder Ejecutivo y se sum\u00f3 a un proyecto similar de la diputada del Frente Grande, Teresa Cubells. Alcanza a obligaciones fiscales provinciales cuyo vencimiento hubiera operado al 31 de julio de 2023. Tambi\u00e9n crearon el Programa de Cooperativismo y Mutualismo Escolar, y declararon patrimonio cultural y art\u00edstico de la Provincia a \u201cLos Saberes Artesanales y las Artesan\u00edas Ind\u00edgenas de la provincia\u201d.<br \/>\nEn su sesi\u00f3n ordinaria de este mi\u00e9rcoles, la Legislatura sancion\u00f3 la ley que crea un R\u00e9gimen de Regularizaci\u00f3n Excepcional de Obligaciones Tributarias Provinciales, que fue girado por el Poder Ejecutivo e ingres\u00f3 con el n\u00famero 2042\/23 y se sum\u00f3 a un proyecto similar de la diputada del Frente Grande, Teresa Cubells (N\u00b01755\/23).<br \/>\nA la moratoria podr\u00e1n acogerse aquellos sujetos pasivos de obligaciones fiscales provinciales cuyo vencimiento hubiera operado al 31 de Julio de 2023.<br \/>\nLuego de una extendida cuesti\u00f3n previa referida al acto eleccionario del pasado domingo, las y los diputados dieron sanci\u00f3n a una iniciativa que parti\u00f3 de la diputada Zulma Galeano, por medio de la cual se cre\u00f3 el Programa de Cooperativismo y Mutualismo Escolar, para promover en el sistema el educativo los procesos de ense\u00f1anza-aprendizaje los valores y principios del cooperativismo y mutualismo<br \/>\nLa norma 3897-E, propicia adem\u00e1s la conformaci\u00f3n las Cooperativas y Mutuales Escolares, quienes estar\u00e1n integradas y dirigidas por estudiantes menores de dieciocho a\u00f1os, con la gu\u00eda y asesoramiento de equipos directivos y docentes, supervisadas por los responsables del Programa de Cooperativismo y Mutualismo Escolar.<br \/>\nTambi\u00e9n, el Cuerpo Legislativo sancion\u00f3 la Ley 3899 \u2013 E, por la que se declar\u00f3 como patrimonio cultural y art\u00edstico de la Provincia a \u201cLos Saberes Artesanales y las Artesan\u00edas Ind\u00edgenas de la provincia\u201d.<br \/>\nA ra\u00edz de una propuesta de la diputada Dorys Arkwright, el Parlamento determin\u00f3 que deber\u00e1 considerarse como saberes artesanales y artesan\u00edas ind\u00edgenas a los saberes t\u00e9cnicos involucrados en el proceso artesanal que se materializan en las artesan\u00edas ind\u00edgenas.<br \/>\nFinalmente, aprobaron una normativa 3900 k, que establece que toda obra p\u00fablica referida a nuevos edificios o refacciones de instituciones educativas a cargo del Estado Provincial, deber\u00e1 contemplar la construcci\u00f3n de dos m\u00e1stiles para el izamiento de las Banderas Argentina y del Chaco, conforme lo determina la normativa vigente \u201cNuevo Reglamento de Tratamiento de los S\u00edmbolos Patrios Nacionales y de los S\u00edmbolos Provinciales\u201d.<\/div>\n","protected":false},"excerpt":{"rendered":"<p>La iniciativa fue girada a la C\u00e1mara de Diputados por el Poder Ejecutivo y se sum\u00f3 a un proyecto similar de la diputada del Frente Grande, Teresa Cubells. Alcanza a obligaciones fiscales provinciales cuyo vencimiento hubiera operado al 31 de julio de 2023. Tambi\u00e9n crearon el Programa de Cooperativismo y Mutualismo Escolar, y declararon patrimonio [&hellip;]<\/p>\n","protected":false},"author":1,"featured_media":27139,"comment_status":"closed","ping_status":"closed","sticky":false,"template":"","format":"standard","meta":{"footnotes":""},"categories":[6],"tags":[],"class_list":{"0":"post-27138","1":"post","2":"type-post","3":"status-publish","4":"format-standard","5":"has-post-thumbnail","7":"category-chaco"},"_links":{"self":[{"href":"https:\/\/chacosintesis.com.ar\/index.php\/wp-json\/wp\/v2\/posts\/27138","targetHints":{"allow":["GET"]}}],"collection":[{"href":"https:\/\/chacosintesis.com.ar\/index.php\/wp-json\/wp\/v2\/posts"}],"about":[{"href":"https:\/\/chacosintesis.com.ar\/index.php\/wp-json\/wp\/v2\/types\/post"}],"author":[{"embeddable":true,"href":"https:\/\/chacosintesis.com.ar\/index.php\/wp-json\/wp\/v2\/users\/1"}],"replies":[{"embeddable":true,"href":"https:\/\/chacosintesis.com.ar\/index.php\/wp-json\/wp\/v2\/comments?post=27138"}],"version-history":[{"count":0,"href":"https:\/\/chacosintesis.com.ar\/index.php\/wp-json\/wp\/v2\/posts\/27138\/revisions"}],"wp:featuredmedia":[{"embeddable":true,"href":"https:\/\/chacosintesis.com.ar\/index.php\/wp-json\/wp\/v2\/media\/27139"}],"wp:attachment":[{"href":"https:\/\/chacosintesis.com.ar\/index.php\/wp-json\/wp\/v2\/media?parent=27138"}],"wp:term":[{"taxonomy":"category","embeddable":true,"href":"https:\/\/chacosintesis.com.ar\/index.php\/wp-json\/wp\/v2\/categories?post=27138"},{"taxonomy":"post_tag","embeddable":true,"href":"https:\/\/chacosintesis.com.ar\/index.php\/wp-json\/wp\/v2\/tags?post=27138"}],"curies":[{"name":"wp","href":"https:\/\/api.w.org\/{rel}","templated":true}]}}