{"id":27134,"date":"2023-09-20T19:27:02","date_gmt":"2023-09-20T22:27:02","guid":{"rendered":"https:\/\/chacosintesis.com.ar\/?p=27134"},"modified":"2023-09-20T19:37:47","modified_gmt":"2023-09-20T22:37:47","slug":"capitanich-retornara-a-su-cargo-la-proxima-semana","status":"publish","type":"post","link":"https:\/\/chacosintesis.com.ar\/index.php\/capitanich-retornara-a-su-cargo-la-proxima-semana\/","title":{"rendered":"Capitanich retornar\u00e1 a su cargo la pr\u00f3xima semana"},"content":{"rendered":"<div class=\"postie-post\">&#8220;El mandatario solicit\u00f3 una breve licencia como lo hace hist\u00f3ricamente luego de cada elecci\u00f3n&#8221;, informaron.<br \/>\nEl Gobierno provincial inform\u00f3 que el gobernador Jorge Capitanich retornar\u00e1 a su cargo la semana que viene, tras solicitar una breve licencia a trav\u00e9s del Decreto N\u00ba 2623 \/ 2023. Dicha licencia fue solicitada por el mandatario tras los comicios del domingo, como lo ha hecho hist\u00f3ricamente luego de cada elecci\u00f3n.<br \/>\nEntretanto, la vicegobernadora Anal\u00eda Rach Quiroga asumi\u00f3 sus funciones al frente del Ejecutivo provincial, pero de ninguna manera esta medida implica una ausencia prolongada del gobernador Jorge Capitanich.<\/div>\n","protected":false},"excerpt":{"rendered":"<p>&#8220;El mandatario solicit\u00f3 una breve licencia como lo hace hist\u00f3ricamente luego de cada elecci\u00f3n&#8221;, informaron. El Gobierno provincial inform\u00f3 que el gobernador Jorge Capitanich retornar\u00e1 a su cargo la semana que viene, tras solicitar una breve licencia a trav\u00e9s del Decreto N\u00ba 2623 \/ 2023. Dicha licencia fue solicitada por el mandatario tras los comicios [&hellip;]<\/p>\n","protected":false},"author":1,"featured_media":27135,"comment_status":"closed","ping_status":"closed","sticky":false,"template":"","format":"standard","meta":{"footnotes":""},"categories":[6],"tags":[],"class_list":{"0":"post-27134","1":"post","2":"type-post","3":"status-publish","4":"format-standard","5":"has-post-thumbnail","7":"category-chaco"},"_links":{"self":[{"href":"https:\/\/chacosintesis.com.ar\/index.php\/wp-json\/wp\/v2\/posts\/27134","targetHints":{"allow":["GET"]}}],"collection":[{"href":"https:\/\/chacosintesis.com.ar\/index.php\/wp-json\/wp\/v2\/posts"}],"about":[{"href":"https:\/\/chacosintesis.com.ar\/index.php\/wp-json\/wp\/v2\/types\/post"}],"author":[{"embeddable":true,"href":"https:\/\/chacosintesis.com.ar\/index.php\/wp-json\/wp\/v2\/users\/1"}],"replies":[{"embeddable":true,"href":"https:\/\/chacosintesis.com.ar\/index.php\/wp-json\/wp\/v2\/comments?post=27134"}],"version-history":[{"count":0,"href":"https:\/\/chacosintesis.com.ar\/index.php\/wp-json\/wp\/v2\/posts\/27134\/revisions"}],"wp:featuredmedia":[{"embeddable":true,"href":"https:\/\/chacosintesis.com.ar\/index.php\/wp-json\/wp\/v2\/media\/27135"}],"wp:attachment":[{"href":"https:\/\/chacosintesis.com.ar\/index.php\/wp-json\/wp\/v2\/media?parent=27134"}],"wp:term":[{"taxonomy":"category","embeddable":true,"href":"https:\/\/chacosintesis.com.ar\/index.php\/wp-json\/wp\/v2\/categories?post=27134"},{"taxonomy":"post_tag","embeddable":true,"href":"https:\/\/chacosintesis.com.ar\/index.php\/wp-json\/wp\/v2\/tags?post=27134"}],"curies":[{"name":"wp","href":"https:\/\/api.w.org\/{rel}","templated":true}]}}