{"id":27120,"date":"2023-09-20T18:58:30","date_gmt":"2023-09-20T21:58:30","guid":{"rendered":"https:\/\/chacosintesis.com.ar\/?p=27120"},"modified":"2023-09-20T19:07:04","modified_gmt":"2023-09-20T22:07:04","slug":"tres-isletas-y-otros-cuatro-municipios-del-pais-recibiran-una-formacion-en-discapacidad-gracias-al-concurso-de-una-ong","status":"publish","type":"post","link":"https:\/\/chacosintesis.com.ar\/index.php\/tres-isletas-y-otros-cuatro-municipios-del-pais-recibiran-una-formacion-en-discapacidad-gracias-al-concurso-de-una-ong\/","title":{"rendered":"Tres Isletas y otros cuatro municipios del pa\u00eds recibir\u00e1n una formaci\u00f3n en discapacidad gracias al concurso de una ONG"},"content":{"rendered":"<div class=\"postie-post\">Se postularon 27 municipios de 12 provincias. Compartir Twittear Correo electr\u00f3nico Compartir<br \/>\nLos municipios de Crespo (Entre R\u00edos), San Salvador de Jujuy (Jujuy), Neuqu\u00e9n (Neuqu\u00e9n), Tres Isletas (Chaco) y Suipacha (Buenos Aires) ganaron el concurso lanzado por la Colectiva Nuestros Derechos en Foco y obtendr\u00e1n una capacitaci\u00f3n virtual realizada por mujeres con discapacidad para elaborar pol\u00edticas p\u00fablicas en l\u00ednea con lo que establece la Convenci\u00f3n sobre los Derechos de las Personas con Discapacidad, inform\u00f3 hoy la organizaci\u00f3n. Con la obtenci\u00f3n de este premio, en el que se postularon 27 municipios de 12 provincias, la Colectiva acompa\u00f1ar\u00e1 a los municipios que necesiten realizar ajustes normativos para sumarse a las jurisdicciones que ya cuentan con capacitaciones obligatorias en discapacidad. Crespo, como el municipio ganador del primer premio, obtendr\u00e1 tambi\u00e9n una capacitaci\u00f3n presencial para funcionarias\/os jer\u00e1rquicos, con din\u00e1micas facilitadas por un equipo de capacitadoras, considerando la necesidad de que se involucren para poder materializar pol\u00edticas p\u00fablicas en los municipios que respondan a las necesidades del colectivo. &#8220;Somos un grupo de mujeres, en su mayor\u00eda con discapacidad, que nos reunimos a reflexionar y accionar por nuestros derechos, generando distintas acciones para que gobiernos locales y organizaciones integren en sus pol\u00edticas y proyectos las experiencias y las vivencias de nosotras, las mujeres con discapacidad. La barrera actitudinal es la barrera madre&#8221;, dijo en un comunicado Eugenia Aloise, integrante de Nuestros Derechos en Foco. Para la selecci\u00f3n, el jurado valor\u00f3 especialmente la presencia de personas con discapacidad en los equipos, la proyecci\u00f3n del municipio en la implementaci\u00f3n de pol\u00edticas con perspectiva de discapacidad y la justificaci\u00f3n dada para la necesidad de capacitaciones. Evangelina Jacob, trabajadora social del \u00e1rea de Discapacidad de la Municipalidad de Crespo, consider\u00f3 que &#8220;esta capacitaci\u00f3n es dar respuesta a una necesidad que se ven\u00eda planteando&#8221;. &#8220;Estas acciones contribuyen a difundir la importancia de delinear pol\u00edticas p\u00fablicas respetuosas de los derechos humanos de las personas con discapacidad, largamente vulnerados e invisibilizados&#8221;, asever\u00f3. El municipio bonaerense de Malvinas Argentinas fue uno de los ganadores del a\u00f1o pasado y Celeste Villacorta, directora de Discapacidad de esa localidad, asegur\u00f3 que &#8220;cuando nos ofrecen esta capacitaci\u00f3n nos pareci\u00f3 fabuloso, porque se dio en sinton\u00eda con la normativa de la provincia de Buenos Aires, y lo bueno era que estaban las voces de las personas con discapacidad y el cruce con la perspectiva de g\u00e9nero&#8221;. &#8220;La idea es seguir form\u00e1ndonos, sabemos que no es una tarea f\u00e1cil y que hay que ir instalando la idea, trabajando y construyendo estos puentes de manera cotidiana&#8221;, asegur\u00f3 la directora. Esta iniciativa se realiz\u00f3 en alianza con Libertate y gracias al apoyo del Fondo de Mujeres del Sur, ACIJ (Asociaci\u00f3n Civil por la Igualdad y la Justicia), el Ministerio de Desarrollo de la Comunidad de la Provincia de Buenos Aires y RIL (Red de Innovaci\u00f3n Local).<\/p>\n<p>Fuente: T\u00e9lam<\/p><\/div>\n","protected":false},"excerpt":{"rendered":"<p>Se postularon 27 municipios de 12 provincias. Compartir Twittear Correo electr\u00f3nico Compartir Los municipios de Crespo (Entre R\u00edos), San Salvador de Jujuy (Jujuy), Neuqu\u00e9n (Neuqu\u00e9n), Tres Isletas (Chaco) y Suipacha (Buenos Aires) ganaron el concurso lanzado por la Colectiva Nuestros Derechos en Foco y obtendr\u00e1n una capacitaci\u00f3n virtual realizada por mujeres con discapacidad para elaborar [&hellip;]<\/p>\n","protected":false},"author":1,"featured_media":27121,"comment_status":"closed","ping_status":"closed","sticky":false,"template":"","format":"standard","meta":{"footnotes":""},"categories":[6],"tags":[],"class_list":{"0":"post-27120","1":"post","2":"type-post","3":"status-publish","4":"format-standard","5":"has-post-thumbnail","7":"category-chaco"},"_links":{"self":[{"href":"https:\/\/chacosintesis.com.ar\/index.php\/wp-json\/wp\/v2\/posts\/27120","targetHints":{"allow":["GET"]}}],"collection":[{"href":"https:\/\/chacosintesis.com.ar\/index.php\/wp-json\/wp\/v2\/posts"}],"about":[{"href":"https:\/\/chacosintesis.com.ar\/index.php\/wp-json\/wp\/v2\/types\/post"}],"author":[{"embeddable":true,"href":"https:\/\/chacosintesis.com.ar\/index.php\/wp-json\/wp\/v2\/users\/1"}],"replies":[{"embeddable":true,"href":"https:\/\/chacosintesis.com.ar\/index.php\/wp-json\/wp\/v2\/comments?post=27120"}],"version-history":[{"count":0,"href":"https:\/\/chacosintesis.com.ar\/index.php\/wp-json\/wp\/v2\/posts\/27120\/revisions"}],"wp:featuredmedia":[{"embeddable":true,"href":"https:\/\/chacosintesis.com.ar\/index.php\/wp-json\/wp\/v2\/media\/27121"}],"wp:attachment":[{"href":"https:\/\/chacosintesis.com.ar\/index.php\/wp-json\/wp\/v2\/media?parent=27120"}],"wp:term":[{"taxonomy":"category","embeddable":true,"href":"https:\/\/chacosintesis.com.ar\/index.php\/wp-json\/wp\/v2\/categories?post=27120"},{"taxonomy":"post_tag","embeddable":true,"href":"https:\/\/chacosintesis.com.ar\/index.php\/wp-json\/wp\/v2\/tags?post=27120"}],"curies":[{"name":"wp","href":"https:\/\/api.w.org\/{rel}","templated":true}]}}