{"id":27114,"date":"2023-09-20T18:43:42","date_gmt":"2023-09-20T21:43:42","guid":{"rendered":"https:\/\/chacosintesis.com.ar\/?p=27114"},"modified":"2023-09-20T19:06:49","modified_gmt":"2023-09-20T22:06:49","slug":"en-el-chaco-se-sumaran-20-000-jubilaciones-a-pami-con-la-moratoria-previsional","status":"publish","type":"post","link":"https:\/\/chacosintesis.com.ar\/index.php\/en-el-chaco-se-sumaran-20-000-jubilaciones-a-pami-con-la-moratoria-previsional\/","title":{"rendered":"En el Chaco se sumar\u00e1n 20.000 jubilaciones a PAMI con la moratoria previsional"},"content":{"rendered":"<div class=\"postie-post\">Este espacio para los adultos mayores da contenci\u00f3n social y cultural, adem\u00e1s de cobertura m\u00e9dica. \u201cQueremos trabajar la idea de una vejez activa\u201d, coment\u00f3 el funcionario de PAMI Chaco.<br \/>\nEn di\u00e1logo con Radio Provincia del Chaco, Roberto Sandoval, director ejecutivo de PAMI Chaco dijo: \u201cQueremos saludar en este d\u00eda a todas y todos los afiliados de Pami, as\u00ed como a jubilados y jubiladas de otras obras sociales\u201d. Y pidi\u00f3 a la poblaci\u00f3n que \u201cen estos tiempos electorales tenemos que recordar esta fecha porque hay muchos que piensan que la jubilaci\u00f3n no es un derecho adquirido sino un gasto y que corremos el peligro de que no existan obras sociales como el PAMI\u201d.<br \/>\nEn la provincia hay 105.000 afiliadas y afiliados de PAMI, m\u00e1s los 20.000 que se suman por la moratoria previsional. \u201cPara que la gente dimensione, a todas esas personas que lo solicitan se le dan beneficios de atenci\u00f3n m\u00e9dica, cobertura de medicamentos, contenci\u00f3n social en centros de esparcimiento y programas que se implementan\u201d, explic\u00f3 el funcionario. En el Chaco hay 70 centros de jubilados y jubiladas donde se dan talleres, colonias recreativas, charlas, encuentros y dem\u00e1s.<br \/>\nEntre las principales prestaciones que reciben en PAMI, las y los adultos mayores cuentan con la cobertura del 100% de los medicamentos de sus dolencias principales, \u201cque significan ahorros mensuales superiores a los $15.000\u201d, resalt\u00f3 el titular de la delegaci\u00f3n chaque\u00f1a.<br \/>\nSandoval se\u00f1al\u00f3 que quienes acceden a su jubilaci\u00f3n por la moratoria previsional, pueden afiliarse a PAMI present\u00e1ndose en las oficinas de una delegaci\u00f3n con su DNI, un n\u00famero telef\u00f3nico de contacto y el primer ticket de cobro de la jubilaci\u00f3n. \u201cLa adhesi\u00f3n no es autom\u00e1tica, sino que debe hacerlo de manera presencial o bien virtual\u201d, remarc\u00f3.<br \/>\nPara consultas telef\u00f3nicas, pueden hacerlo en PAMI Escucha al 138, de 7 a 19 de lunes a viernes o bien acercarse a la delegaci\u00f3n m\u00e1s cercana.<br \/>\nLa fecha<br \/>\nLa efem\u00e9ride est\u00e1 inspirada en el 20 de septiembre de 1904, cuando se sancion\u00f3 la primera ley de jubilaci\u00f3n en la Argentina. El suceso se dio durante la presidencia de Julio Argentino Roca, con la Ley N\u00b0 4.349. Esta reconoc\u00eda el beneficio previsional para los empleados p\u00fablicos de la Naci\u00f3n, funcionarios y agentes civiles, y el derecho de acceder a un sistema de aportes jubilatorios. De esta forma se cre\u00f3 un fondo que contribuir\u00eda para el momento del retiro y les conceder\u00eda una suma fija por mes a percibir.<br \/>\nDurante ese a\u00f1o, se cre\u00f3 la Caja Nacional de Jubilaciones y Pensiones Civiles. En un principio, esta beneficiaba a trabajadores del estado y del sector ferrocarril, pero con los a\u00f1os se extendi\u00f3 a otros gremios y actividades como fueron los aeron\u00e1uticos, bancarios, obreros, periodistas, entre otros.<br \/>\nEn 1954, durante el gobierno de Juan Domingo Per\u00f3n, el sistema jubilatorio se transform\u00f3. El mecanismo opt\u00f3 por una medida de reparto, la cual consist\u00eda en que tanto las empresas como los trabajadores realizar\u00edan aportes, los cuales ser\u00edan destinados a las jubilaciones. Estos salarios ser\u00edan abonados entonces, gracias a estas sumas y a otros fondos obtenidos mediante impuestos y el acceso definido del Tesoro Nacional.<\/div>\n","protected":false},"excerpt":{"rendered":"<p>Este espacio para los adultos mayores da contenci\u00f3n social y cultural, adem\u00e1s de cobertura m\u00e9dica. \u201cQueremos trabajar la idea de una vejez activa\u201d, coment\u00f3 el funcionario de PAMI Chaco. En di\u00e1logo con Radio Provincia del Chaco, Roberto Sandoval, director ejecutivo de PAMI Chaco dijo: \u201cQueremos saludar en este d\u00eda a todas y todos los afiliados [&hellip;]<\/p>\n","protected":false},"author":1,"featured_media":27115,"comment_status":"closed","ping_status":"closed","sticky":false,"template":"","format":"standard","meta":{"footnotes":""},"categories":[6],"tags":[],"class_list":{"0":"post-27114","1":"post","2":"type-post","3":"status-publish","4":"format-standard","5":"has-post-thumbnail","7":"category-chaco"},"_links":{"self":[{"href":"https:\/\/chacosintesis.com.ar\/index.php\/wp-json\/wp\/v2\/posts\/27114","targetHints":{"allow":["GET"]}}],"collection":[{"href":"https:\/\/chacosintesis.com.ar\/index.php\/wp-json\/wp\/v2\/posts"}],"about":[{"href":"https:\/\/chacosintesis.com.ar\/index.php\/wp-json\/wp\/v2\/types\/post"}],"author":[{"embeddable":true,"href":"https:\/\/chacosintesis.com.ar\/index.php\/wp-json\/wp\/v2\/users\/1"}],"replies":[{"embeddable":true,"href":"https:\/\/chacosintesis.com.ar\/index.php\/wp-json\/wp\/v2\/comments?post=27114"}],"version-history":[{"count":0,"href":"https:\/\/chacosintesis.com.ar\/index.php\/wp-json\/wp\/v2\/posts\/27114\/revisions"}],"wp:featuredmedia":[{"embeddable":true,"href":"https:\/\/chacosintesis.com.ar\/index.php\/wp-json\/wp\/v2\/media\/27115"}],"wp:attachment":[{"href":"https:\/\/chacosintesis.com.ar\/index.php\/wp-json\/wp\/v2\/media?parent=27114"}],"wp:term":[{"taxonomy":"category","embeddable":true,"href":"https:\/\/chacosintesis.com.ar\/index.php\/wp-json\/wp\/v2\/categories?post=27114"},{"taxonomy":"post_tag","embeddable":true,"href":"https:\/\/chacosintesis.com.ar\/index.php\/wp-json\/wp\/v2\/tags?post=27114"}],"curies":[{"name":"wp","href":"https:\/\/api.w.org\/{rel}","templated":true}]}}