{"id":27112,"date":"2023-09-20T18:40:09","date_gmt":"2023-09-20T21:40:09","guid":{"rendered":"https:\/\/chacosintesis.com.ar\/?p=27112"},"modified":"2023-09-20T19:06:44","modified_gmt":"2023-09-20T22:06:44","slug":"se-encuentra-en-fabricacion-el-baston-de-mando-del-gobernador-electo","status":"publish","type":"post","link":"https:\/\/chacosintesis.com.ar\/index.php\/se-encuentra-en-fabricacion-el-baston-de-mando-del-gobernador-electo\/","title":{"rendered":"Se encuentra en fabricaci\u00f3n el bast\u00f3n de mando del gobernador electo"},"content":{"rendered":"<div class=\"postie-post\">Los orfebres Juan Carlos Pallarols y Gonzalo Su\u00e1rez L\u00f3pez ser\u00e1n nuevamente los encargados de realizar este trabajo. El atributo se fabrica con madera especialmente seleccionada para simbolizar la Naci\u00f3n, el federalismo y la hermandad de todo el pueblo chaque\u00f1o.<br \/>\nLos orfebres Juan Carlos Pallarols y Gonzalo Su\u00e1rez L\u00f3pez informaron que ya se encuentra en fabricaci\u00f3n el bast\u00f3n de mando del gobernador electo, Leandro Zdero, quien fue elegido el pasado domingo en la provincia del Chaco. Cabe destacar que el mismo se entregar\u00e1 el pr\u00f3ximo 10 de diciembre. Gonzalo Su\u00e1rez L\u00f3pez dialog\u00f3 con Chaco TV y dio m\u00e1s detalles acerca del trabajo.<br \/>\n\u201cEstamos haciendo esta obra colectiva con Juan Carlos Pallarols. Hace un par de a\u00f1os empezamos a hacer en conjunto el bast\u00f3n de mando del Chaco y del presidencial con la misma madera del \u00e1rbol urunday, simbolizando la uni\u00f3n de todos los argentinos\u201d, expres\u00f3. En ese sentido, manifest\u00f3 su felicidad por \u201cestar participando desde el arte y la cultura\u201d en las instituciones democr\u00e1ticas y en la educaci\u00f3n c\u00edvica de los argentinos y de los chaque\u00f1os.<br \/>\nSobre la elecci\u00f3n de este tipo de madera, coment\u00f3: \u201cSe eligieron la madera del urunday por varias caracter\u00edsticas y propiedades que tiene. Es dura de trabajo, crece en varias regiones, es muy caracter\u00edstica en la provincia, tambi\u00e9n permanece recta porque es dif\u00edcil que se arquee y es una de las pocas maderas incorruptibles\u201d.<br \/>\nPor \u00faltimo, destac\u00f3 la participaci\u00f3n de Juan Carlos Pallarols quien propuso un \u201cdise\u00f1o m\u00e1s criollo y m\u00e1s argentino\u201d tras el regreso a la democracia. En ese sentido, Su\u00e1rez L\u00f3pez coment\u00f3 que antes se usaban dise\u00f1os m\u00e1s europeos, con el empleo de materiales como el oro y el palo de caoba. \u201cEs el s\u00edmbolo f\u00edsico y material del poder que el pueblo le delega a un gobernante por un tiempo. Sabemos que el poder est\u00e1 en los ciudadanos y eso queremos concientizar cuando van con este bast\u00f3n\u201d, concluy\u00f3.<\/div>\n","protected":false},"excerpt":{"rendered":"<p>Los orfebres Juan Carlos Pallarols y Gonzalo Su\u00e1rez L\u00f3pez ser\u00e1n nuevamente los encargados de realizar este trabajo. El atributo se fabrica con madera especialmente seleccionada para simbolizar la Naci\u00f3n, el federalismo y la hermandad de todo el pueblo chaque\u00f1o. Los orfebres Juan Carlos Pallarols y Gonzalo Su\u00e1rez L\u00f3pez informaron que ya se encuentra en fabricaci\u00f3n [&hellip;]<\/p>\n","protected":false},"author":1,"featured_media":27113,"comment_status":"closed","ping_status":"closed","sticky":false,"template":"","format":"standard","meta":{"footnotes":""},"categories":[6],"tags":[],"class_list":{"0":"post-27112","1":"post","2":"type-post","3":"status-publish","4":"format-standard","5":"has-post-thumbnail","7":"category-chaco"},"_links":{"self":[{"href":"https:\/\/chacosintesis.com.ar\/index.php\/wp-json\/wp\/v2\/posts\/27112","targetHints":{"allow":["GET"]}}],"collection":[{"href":"https:\/\/chacosintesis.com.ar\/index.php\/wp-json\/wp\/v2\/posts"}],"about":[{"href":"https:\/\/chacosintesis.com.ar\/index.php\/wp-json\/wp\/v2\/types\/post"}],"author":[{"embeddable":true,"href":"https:\/\/chacosintesis.com.ar\/index.php\/wp-json\/wp\/v2\/users\/1"}],"replies":[{"embeddable":true,"href":"https:\/\/chacosintesis.com.ar\/index.php\/wp-json\/wp\/v2\/comments?post=27112"}],"version-history":[{"count":0,"href":"https:\/\/chacosintesis.com.ar\/index.php\/wp-json\/wp\/v2\/posts\/27112\/revisions"}],"wp:featuredmedia":[{"embeddable":true,"href":"https:\/\/chacosintesis.com.ar\/index.php\/wp-json\/wp\/v2\/media\/27113"}],"wp:attachment":[{"href":"https:\/\/chacosintesis.com.ar\/index.php\/wp-json\/wp\/v2\/media?parent=27112"}],"wp:term":[{"taxonomy":"category","embeddable":true,"href":"https:\/\/chacosintesis.com.ar\/index.php\/wp-json\/wp\/v2\/categories?post=27112"},{"taxonomy":"post_tag","embeddable":true,"href":"https:\/\/chacosintesis.com.ar\/index.php\/wp-json\/wp\/v2\/tags?post=27112"}],"curies":[{"name":"wp","href":"https:\/\/api.w.org\/{rel}","templated":true}]}}