{"id":27098,"date":"2023-09-20T18:08:27","date_gmt":"2023-09-20T21:08:27","guid":{"rendered":"https:\/\/chacosintesis.com.ar\/?p=27098"},"modified":"2023-09-20T18:36:57","modified_gmt":"2023-09-20T21:36:57","slug":"una-familia-chaquena-necesito-mas-de-290-mil-para-no-caer-bajo-la-linea-de-la-pobreza","status":"publish","type":"post","link":"https:\/\/chacosintesis.com.ar\/index.php\/una-familia-chaquena-necesito-mas-de-290-mil-para-no-caer-bajo-la-linea-de-la-pobreza\/","title":{"rendered":"Una familia chaque\u00f1a necesit\u00f3 m\u00e1s de $290 mil para no caer bajo la l\u00ednea de la pobreza"},"content":{"rendered":"<div class=\"postie-post\">El Instituto de Investigaci\u00f3n Social, Econ\u00f3mica y Pol\u00edtica Ciudadana dio a conocer el \u00cdndice Barrial de Precios. La inflaci\u00f3n de agosto super\u00f3 el 25% y fue la m\u00e1s alta en lo que va del 2023 en la provincia del Chaco. En ese contexto, el Instituto de Investigaci\u00f3n Social, Econ\u00f3mica y Pol\u00edtica Ciudadana (Isepci) demostr\u00f3, a trav\u00e9s de su \u00cdndice Barrial de Precios, que una familia chaque\u00f1a necesit\u00f3 m\u00e1s de $290 mil para no caer bajo la l\u00ednea de la pobreza.<br \/>\nLos datos fueron recolectafos de comercios barriales del Gran Resistencia y S\u00e1enz Pe\u00f1a. El informe final arroj\u00f3 que, seg\u00fan el \u00faltimo IBP del mes de agosto, la Canasta B\u00e1sica Total tuvo un incremento del 27,10%, pasando de $232.539 a los $295.548, es decir, $63.008 de aumento en pesos.<br \/>\nPor su parte, la Canasta B\u00e1sica Alimentaria tambi\u00e9n sufri\u00f3 un incremento del 27,10% y lleg\u00f3 a los $132.532, lo que se tradujo en un encarecimiento de $28.255 con respecto a los $104.277 de julio.<br \/>\nLa carnicer\u00eda fue el sector m\u00e1s golpeado por la inflaci\u00f3n en lo que va del a\u00f1o, ya que, con el 49,48% lider\u00f3 el podio de aumentos. En segundo lugar, estuvo el rubro almac\u00e9n 19,53% y, por \u00faltimo, la verduler\u00eda con 17,44%<br \/>\nEl primer rubro tuvo un crecimiento de precios de $13.929 respecto a los $28.150 que cost\u00f3 en julio y por tal motivo alcanz\u00f3 los $42.080. Ahora bien, si tenemos en cuenta el valor acumulado, el incremento fue del 123% que a valor nominal ser\u00eda de $23.222.<br \/>\nPor otro lado, el almac\u00e9n pas\u00f3 de $50.190 a $59.993 de julio a agosto y su valor acumulado alcanz\u00f3 el 108%, que ser\u00eda de $31.221.<br \/>\nLa verduler\u00eda con un salto inflacionario del 17,44%, lleg\u00f3 a costar en agosto $30.459. Este valor dej\u00f3 atr\u00e1s los $25.936 de julio y present\u00f3 un recargo de $4.522.<br \/>\nMAYORES PRECIOS<br \/>\nEn cuanto a la carnicer\u00eda, el mayor aumento mensual lo tuvo la nalga con el 61% y pas\u00f3 de 1.800 a 2.900 pesos; seguido por la carnaza, con el 55% de incremento, dejando atr\u00e1s los 1800 pesos de julio para cerrar en 2.800 pesos en agosto. La paleta fue el tercer producto con mayor alza de precio con el 53% y tuvo una suma de $ 900 respecto a los $ 1500 de julio.<br \/>\nSiguiendo con esta variaci\u00f3n, en el rubro almac\u00e9n, los mayores aumentos lo tuvieron las mermeladas que elevaron su valor un 42%, saltando de $ 350 a $ 500. Luego, se encuentran los caldos concentrados con un ascenso del 37%, es decir, $ 164 m\u00e1s a los $442 que cost\u00f3 el mes pasado al estudio. En tercer lugar, est\u00e1n las lentejas que subieron hasta los $ 350 por 400 gramos, 90 pesos de incremento de mes a mes.<br \/>\nPor \u00faltimo, dentro de la verduler\u00eda, el podio de aumentos estuvo liderado por la papa con el 33%, llegando a los $ 600.  En segundo lugar, estuvo el tomate con el 29% alcanzando los $ 600. Por \u00faltimo, la docena de huevos tuvo un incremento del 25% y lleg\u00f3 a valer $ 900.<br \/>\nFuente: Datachaco<\/div>\n","protected":false},"excerpt":{"rendered":"<p>El Instituto de Investigaci\u00f3n Social, Econ\u00f3mica y Pol\u00edtica Ciudadana dio a conocer el \u00cdndice Barrial de Precios. La inflaci\u00f3n de agosto super\u00f3 el 25% y fue la m\u00e1s alta en lo que va del 2023 en la provincia del Chaco. En ese contexto, el Instituto de Investigaci\u00f3n Social, Econ\u00f3mica y Pol\u00edtica Ciudadana (Isepci) demostr\u00f3, a [&hellip;]<\/p>\n","protected":false},"author":1,"featured_media":27099,"comment_status":"closed","ping_status":"closed","sticky":false,"template":"","format":"standard","meta":{"footnotes":""},"categories":[6],"tags":[],"class_list":{"0":"post-27098","1":"post","2":"type-post","3":"status-publish","4":"format-standard","5":"has-post-thumbnail","7":"category-chaco"},"_links":{"self":[{"href":"https:\/\/chacosintesis.com.ar\/index.php\/wp-json\/wp\/v2\/posts\/27098","targetHints":{"allow":["GET"]}}],"collection":[{"href":"https:\/\/chacosintesis.com.ar\/index.php\/wp-json\/wp\/v2\/posts"}],"about":[{"href":"https:\/\/chacosintesis.com.ar\/index.php\/wp-json\/wp\/v2\/types\/post"}],"author":[{"embeddable":true,"href":"https:\/\/chacosintesis.com.ar\/index.php\/wp-json\/wp\/v2\/users\/1"}],"replies":[{"embeddable":true,"href":"https:\/\/chacosintesis.com.ar\/index.php\/wp-json\/wp\/v2\/comments?post=27098"}],"version-history":[{"count":0,"href":"https:\/\/chacosintesis.com.ar\/index.php\/wp-json\/wp\/v2\/posts\/27098\/revisions"}],"wp:featuredmedia":[{"embeddable":true,"href":"https:\/\/chacosintesis.com.ar\/index.php\/wp-json\/wp\/v2\/media\/27099"}],"wp:attachment":[{"href":"https:\/\/chacosintesis.com.ar\/index.php\/wp-json\/wp\/v2\/media?parent=27098"}],"wp:term":[{"taxonomy":"category","embeddable":true,"href":"https:\/\/chacosintesis.com.ar\/index.php\/wp-json\/wp\/v2\/categories?post=27098"},{"taxonomy":"post_tag","embeddable":true,"href":"https:\/\/chacosintesis.com.ar\/index.php\/wp-json\/wp\/v2\/tags?post=27098"}],"curies":[{"name":"wp","href":"https:\/\/api.w.org\/{rel}","templated":true}]}}