{"id":27094,"date":"2023-09-20T13:07:30","date_gmt":"2023-09-20T16:07:30","guid":{"rendered":"https:\/\/chacosintesis.com.ar\/?p=27094"},"modified":"2023-09-20T13:07:56","modified_gmt":"2023-09-20T16:07:56","slug":"chaco-participara-de-los-75-anos-de-los-juegos-evita-en-la-final-nacional-en-mar-del-plata","status":"publish","type":"post","link":"https:\/\/chacosintesis.com.ar\/index.php\/chaco-participara-de-los-75-anos-de-los-juegos-evita-en-la-final-nacional-en-mar-del-plata\/","title":{"rendered":"Chaco participar\u00e1 de los 75 a\u00f1os de los juegos Evita en la Final Nacional en Mar del Plata"},"content":{"rendered":"<div class=\"postie-post\">Los clasificados de nuestra provincia  participar\u00e1 del 25 al 30 de septiembre en \u201cla ciudad feliz\u201d con una delegaci\u00f3n de deportistas, profesores, m\u00e9dicos, kinesi\u00f3logos, directores t\u00e9cnicos y equipo t\u00e9cnico del Instituto del Deporte Chaque\u00f1o bajo la direcci\u00f3n del Pte del IDCH  Osvaldo P\u00e9rez Cuevas, el coordinador deportivo Prof. Lucas Vallejos y el coordinador de Evita Chaco Prof. Sebasti\u00e1n Borda<\/p>\n<p>Nuestra delegaci\u00f3n participara en la categor\u00eda deportes convencionales y deportes adaptados. Esta ser\u00e1 la cuarta participaci\u00f3n en el a\u00f1o de la delegaci\u00f3n Chaque\u00f1a en los Evita en lo que va del a\u00f1o, ya que previamente tuvieron lugar las finales de la competencia en sus versiones de Playa, Urbanos y Personas Mayores.<\/p>\n<p>\u201cSe viene la gran final de los Juegos Evita, la fiesta deportiva m\u00e1s grande del deporte nacional, la pol\u00edtica p\u00fablica al servicio de nuestros j\u00f3venes competidores, quienes van a vivir una semana llena de adrenalina, diversi\u00f3n y sana competencia\u201d, expresaron los coordinadores del IDCH.<\/p>\n<p>Los representantes Chaque\u00f1os han pasado un largo proceso de clasificaciones para llegar a la instancia nacional, desde 69 locales, 10 zonales y dos finales convencionales provinciales y una final deportes adaptados.<br \/>\nPartida de la delegaci\u00f3n El total de la delegaci\u00f3n chaque\u00f1a aproximadamente 900 personas estar\u00e1n saliendo rumbo a Mar del Plata  este  domingo 24  desde  el predio que posee el Instituto del Deporte  Chaque\u00f1o en el Polideportivo Jaime Zapata, previa entrega de indumentarias deportivas a competidores.<br \/>\nLos clasificados son: Deportes convencionales: SUB 14\/15 Futbol 11 sub 14 masculino- SAENZ PE\u00d1A Futbol 11 sub 14 femenino \u2013 CAMPO LARGO Futbol mixto sub 14 \u2013 PINEDO Futsal sub 15 masculino \u2013 SAENZ PE\u00d1A Futsal sub 15 femenino \u2013 GANCEDO Hockey sub 14 masculino- CAMPO LARGO Hockey sub 14 femenino- RESIST5ENCIA B\u00e1squet 3&#215;3 sub 14 masculino- RESISTENCIA B\u00e1squet 3&#215;3 sub 14 femenino- CHARATA B\u00e1squet 5&#215;5 sub 15 masculino- SAENZ PE\u00d1A B\u00e1squet 5&#215;5 sub 15 femenino- CHARATA V\u00f3ley sub 15 masculino- COLONIA ELISA V\u00f3ley sub 15 femenino- SAENZ PE\u00d1A Beach v\u00f3ley sub 14 masculino- BARRANQUERAS Beach v\u00f3ley sub 14 femenino- FONTANA Beach h\u00e1ndbol sub 14 masculino- FONTANA H\u00e1ndbol sub 14 femenino- RESISTEENCIA P\u00e1del sub 14 femenino- RESISTENCIA Ajedrez sub 14 \u2013 Orellana Taboada Fabi\u00e1n (Resistencia), Palavecino Fac\u2026<br \/>\nDEPORTES ADAPTADOS<br \/>\nTenis De Mesa (\u00e1rea discapacidad) sub 18 Monz\u00f3n Jos\u00e9 M. \u00c1ngel, N\u00fa\u00f1ez Juana Milagros, Wirniak Diego Ezequiel Boccia (\u00e1rea discapacidad) sub 18 Cheij Dylan Ezequiel, Merlo Leandro Ezequiel, Casco Ana Antonella, Ver\u00f3n Fernando.Alejandro, Gonz\u00e1lez Bruno Patricio Badminton (\u00e1rea discapacidad) sub 18 Ayala Ramona Agustina, S\u00e1nchez Agust\u00edn Nicol\u00e1s, Astorga Morello German, Ayala Carlos Futbol 3 (\u00e1rea discapacidad) sub 18 Escobar \u00c1ngel Gabriel, Guti\u00e9rrez Francisco Dami\u00e1n, Flores Lourdes Antonella Nataci\u00f3n Sub 14 motor, Bombares Rudy Intelectual. G\u00f3mez M\u00e1ximo. G\u00f3mez Oviedo Melani. Visual Odria kevin. Sub 16. Motor. Leguiza Lucas. Rosales Delpech Amelia. Intelectual Gonz\u00e1lez Gabriel. L\u00f3pez milagros Visual. Basualdo Alejandro<br \/>\nPowerlifting (\u00e1rea discapacidad) sub 18 Fern\u00e1ndez Lautaro Daniel, S\u00e1nchez Bel\u00e9n Ayelen<br \/>\nGoalball (\u00e1rea discapacidad) \u2013 mixto sub 18 Vallejos Micaela, Roa Miqueas Jerem\u00edas, N\u00fa\u00f1ez Mat\u00edas, De La Rosa David<br \/>\nTiro Con Arco (\u00e1rea discapacidad) mixto sub 18 Molina Shirey Nahir, S\u00e1nchez Agust\u00edn Nicol\u00e1s, Romero Mat\u00edas Ezequiel<br \/>\nV\u00f3ley Sentado (\u00e1rea discapacidad) mixto sub 18 Soto Abraham Lara Sof\u00eda, Morinigo Rore Joaqu\u00edn G., G\u00f3mez Joel Alejandro, Fern\u00e1ndez. Ulises David, G\u00f3mez Victoria Guadalupe<\/p><\/div>\n","protected":false},"excerpt":{"rendered":"<p>Los clasificados de nuestra provincia participar\u00e1 del 25 al 30 de septiembre en \u201cla ciudad feliz\u201d con una delegaci\u00f3n de deportistas, profesores, m\u00e9dicos, kinesi\u00f3logos, directores t\u00e9cnicos y equipo t\u00e9cnico del Instituto del Deporte Chaque\u00f1o bajo la direcci\u00f3n del Pte del IDCH Osvaldo P\u00e9rez Cuevas, el coordinador deportivo Prof. Lucas Vallejos y el coordinador de Evita [&hellip;]<\/p>\n","protected":false},"author":1,"featured_media":27095,"comment_status":"closed","ping_status":"closed","sticky":false,"template":"","format":"standard","meta":{"footnotes":""},"categories":[6],"tags":[],"class_list":{"0":"post-27094","1":"post","2":"type-post","3":"status-publish","4":"format-standard","5":"has-post-thumbnail","7":"category-chaco"},"_links":{"self":[{"href":"https:\/\/chacosintesis.com.ar\/index.php\/wp-json\/wp\/v2\/posts\/27094","targetHints":{"allow":["GET"]}}],"collection":[{"href":"https:\/\/chacosintesis.com.ar\/index.php\/wp-json\/wp\/v2\/posts"}],"about":[{"href":"https:\/\/chacosintesis.com.ar\/index.php\/wp-json\/wp\/v2\/types\/post"}],"author":[{"embeddable":true,"href":"https:\/\/chacosintesis.com.ar\/index.php\/wp-json\/wp\/v2\/users\/1"}],"replies":[{"embeddable":true,"href":"https:\/\/chacosintesis.com.ar\/index.php\/wp-json\/wp\/v2\/comments?post=27094"}],"version-history":[{"count":0,"href":"https:\/\/chacosintesis.com.ar\/index.php\/wp-json\/wp\/v2\/posts\/27094\/revisions"}],"wp:featuredmedia":[{"embeddable":true,"href":"https:\/\/chacosintesis.com.ar\/index.php\/wp-json\/wp\/v2\/media\/27095"}],"wp:attachment":[{"href":"https:\/\/chacosintesis.com.ar\/index.php\/wp-json\/wp\/v2\/media?parent=27094"}],"wp:term":[{"taxonomy":"category","embeddable":true,"href":"https:\/\/chacosintesis.com.ar\/index.php\/wp-json\/wp\/v2\/categories?post=27094"},{"taxonomy":"post_tag","embeddable":true,"href":"https:\/\/chacosintesis.com.ar\/index.php\/wp-json\/wp\/v2\/tags?post=27094"}],"curies":[{"name":"wp","href":"https:\/\/api.w.org\/{rel}","templated":true}]}}