{"id":27092,"date":"2023-09-20T09:45:49","date_gmt":"2023-09-20T12:45:49","guid":{"rendered":"https:\/\/chacosintesis.com.ar\/?p=27092"},"modified":"2023-09-20T09:49:00","modified_gmt":"2023-09-20T12:49:00","slug":"juntos-por-el-cambioapartir-del-10-de-diciembre-con-el-gobierno-de-zdero-se-termino-el-chantaje-y-la-extorsion-de-movomientos-piqueteros","status":"publish","type":"post","link":"https:\/\/chacosintesis.com.ar\/index.php\/juntos-por-el-cambioapartir-del-10-de-diciembre-con-el-gobierno-de-zdero-se-termino-el-chantaje-y-la-extorsion-de-movomientos-piqueteros\/","title":{"rendered":"Juntos por el Cambio:&#8221;Apartir del 10 de diciembre con el gobierno de Zdero se termin\u00f3 el chantaje y la extorsi\u00f3n de movomientos piqueteros&#8221;"},"content":{"rendered":"<div class=\"postie-post\">A trav\u00e9s de este comunicado de prensa,  desde Juntos por el Cambio- Chaco \u201cmanifestamos nuestro m\u00e1s en\u00e9rgico repudio a las expresiones de Tito L\u00f3pez, por considerar manifestaciones agraviantes, cargadas de odio y con una clara intenci\u00f3n desestabilizadora. Se viene una nueva etapa en el Chaco, basado en el di\u00e1logo, buscando consensos con respeto, haciendo prevalecer el orden y la ley. Zdero fu\u00e9 claro y contundente en su mensaje al pueblo del Chaco, terminar con los piquetes, los aprietes , la complicidad y connivencia del gobierno con feudos dirigentes piqueteros, como lo hizo Capitanich.<\/p>\n<p>Para sacar la Provincia adelante se necesita mucha decisi\u00f3n y coraje, para hacer cumplir la ley, terminar con las mafias y el uso de la pobreza en beneficio propio. La ciudadan\u00eda se expres\u00f3 en las urnas, el domingo 17 de septiembre, dijeron basta de dirigentes qu\u00e9 intermedian la ayuda social y se vuelven ricos, con camionetas de mucho valor, campos , flotas de camiones y recursos econ\u00f3micos del gobierno generando estados paralelos El cambio es ahora y para siempre, necesitamos poner orden para terminar con los parches coyunturales y la improvisaci\u00f3n en la gesti\u00f3n- agregaron.<\/p>\n<p>Vamos a garantizar la paz social, nos vamos a hacer cargo de los problemas de la gente y aportar soluciones, nosotros vamos a trabajar para resolver los problemas de vulnerabilidad, en \u00e9se sentido somos claros c\u00f3mo expres\u00f3 nuestro flamante gobernador de no ceder un cent\u00edmetro a extorsiones, de sectores que no representan a nadie, se termin\u00f3 la impunidad y la oscuridad en el Chaco- concluyeron.<\/p><\/div>\n","protected":false},"excerpt":{"rendered":"<p>A trav\u00e9s de este comunicado de prensa, desde Juntos por el Cambio- Chaco \u201cmanifestamos nuestro m\u00e1s en\u00e9rgico repudio a las expresiones de Tito L\u00f3pez, por considerar manifestaciones agraviantes, cargadas de odio y con una clara intenci\u00f3n desestabilizadora. Se viene una nueva etapa en el Chaco, basado en el di\u00e1logo, buscando consensos con respeto, haciendo prevalecer [&hellip;]<\/p>\n","protected":false},"author":1,"featured_media":27093,"comment_status":"closed","ping_status":"closed","sticky":false,"template":"","format":"standard","meta":{"footnotes":""},"categories":[6],"tags":[],"class_list":{"0":"post-27092","1":"post","2":"type-post","3":"status-publish","4":"format-standard","5":"has-post-thumbnail","7":"category-chaco"},"_links":{"self":[{"href":"https:\/\/chacosintesis.com.ar\/index.php\/wp-json\/wp\/v2\/posts\/27092","targetHints":{"allow":["GET"]}}],"collection":[{"href":"https:\/\/chacosintesis.com.ar\/index.php\/wp-json\/wp\/v2\/posts"}],"about":[{"href":"https:\/\/chacosintesis.com.ar\/index.php\/wp-json\/wp\/v2\/types\/post"}],"author":[{"embeddable":true,"href":"https:\/\/chacosintesis.com.ar\/index.php\/wp-json\/wp\/v2\/users\/1"}],"replies":[{"embeddable":true,"href":"https:\/\/chacosintesis.com.ar\/index.php\/wp-json\/wp\/v2\/comments?post=27092"}],"version-history":[{"count":0,"href":"https:\/\/chacosintesis.com.ar\/index.php\/wp-json\/wp\/v2\/posts\/27092\/revisions"}],"wp:featuredmedia":[{"embeddable":true,"href":"https:\/\/chacosintesis.com.ar\/index.php\/wp-json\/wp\/v2\/media\/27093"}],"wp:attachment":[{"href":"https:\/\/chacosintesis.com.ar\/index.php\/wp-json\/wp\/v2\/media?parent=27092"}],"wp:term":[{"taxonomy":"category","embeddable":true,"href":"https:\/\/chacosintesis.com.ar\/index.php\/wp-json\/wp\/v2\/categories?post=27092"},{"taxonomy":"post_tag","embeddable":true,"href":"https:\/\/chacosintesis.com.ar\/index.php\/wp-json\/wp\/v2\/tags?post=27092"}],"curies":[{"name":"wp","href":"https:\/\/api.w.org\/{rel}","templated":true}]}}