{"id":27090,"date":"2023-09-20T08:46:31","date_gmt":"2023-09-20T11:46:31","guid":{"rendered":"https:\/\/chacosintesis.com.ar\/?p=27090"},"modified":"2023-09-20T09:07:08","modified_gmt":"2023-09-20T12:07:08","slug":"mas-de-23-mil-estudiantes-del-chaco-participaron-del-operativo-aprender","status":"publish","type":"post","link":"https:\/\/chacosintesis.com.ar\/index.php\/mas-de-23-mil-estudiantes-del-chaco-participaron-del-operativo-aprender\/","title":{"rendered":"M\u00e1s de 23 mil estudiantes del Chaco participaron del operativo Aprender"},"content":{"rendered":"<div class=\"postie-post\">Fueron evaluados conocimientos en Lengua y Matem\u00e1tica. La prueba tiene car\u00e1cter censal, con una variante de car\u00e1cter muestral. Participaron estudiantes de 6\u00b0 grado de 982 escuelas primarias de toda la provincia.<\/p>\n<p>El Ministerio de Educaci\u00f3n, a trav\u00e9s del Departamento de Evaluaci\u00f3n Educativa, llev\u00f3 adelante este martes 19, una jornada del operativo Aprender, dispositivo nacional de evaluaci\u00f3n de los aprendizajes de las y los estudiantes. Este a\u00f1o participa del mismo la totalidad de estudiantes del pa\u00eds que est\u00e9n cursando 6\u00b0 grado de la escuela primaria.<br \/>\nAprender eval\u00faa conocimientos en las \u00e1reas Lengua y Matem\u00e1tica, con car\u00e1cter censal. En Chaco participaron un total de 23725 estudiantes de 982 escuelas primarias. Este a\u00f1o, el dispositivo present\u00f3 dos novedades respecto a a\u00f1os anteriores: por un lado, en cada secci\u00f3n a ser evaluada un o una docente respondi\u00f3 tambi\u00e9n un cuestionario especial, denominado Cuestionario para Docentes.<br \/>\nPor otra parte, un grupo reducido de escuelas y secciones -con car\u00e1cter muestral- debieron responder, adem\u00e1s de los \u00edtems de respuesta m\u00faltiple, preguntas abiertas o de construcci\u00f3n de respuesta, en Lengua o Matem\u00e1tica, en las que, en lugar de seleccionar una alternativa entre las opciones dadas, las y los estudiantes debieron escribir su respuesta. Cabe recordar que los resultados de este tipo de evaluaciones est\u00e1n disponibles el a\u00f1o siguiente de la realizaci\u00f3n del operativo.<\/p>\n<p>Gerardo N\u00fa\u00f1ez, a cargo del Departamento de Evaluaci\u00f3n Educativa de la cartera provincial, coment\u00f3 que para poder desarrollar este operativo desde el \u00e1rea se realiz\u00f3 previamente un trabajo de &#8220;capacitaci\u00f3n y de sensibilizaci\u00f3n&#8221; en todas las direcciones regionales. \u201cSe realiza un trabajo m\u00e1s bien de reconocimiento de la estructura del formato de la prueba para que los chicos y chicas tengan claro de qu\u00e9 manera van a ser evaluados, y despu\u00e9s viene el proceso espec\u00edfico de capacitaci\u00f3n para lo que es la aplicaci\u00f3n del operativo, que tambi\u00e9n est\u00e1 a cargo del departamento y que lo realizamos durante todo el mes de agosto en todas las direcciones regionales educativas de la provincia&#8221;, precis\u00f3.<br \/>\nEste trabajo involucra tanto a coordinadores de cabecera, que son quienes reciben los materiales para distribuirlos en las escuelas; veedores, que por lo general son los directores y directoras de cada escuela, y aplicadores\/as, que son quienes toman las evaluaciones el d\u00eda de la aplicaci\u00f3n.<\/p>\n<\/div>\n","protected":false},"excerpt":{"rendered":"<p>Fueron evaluados conocimientos en Lengua y Matem\u00e1tica. La prueba tiene car\u00e1cter censal, con una variante de car\u00e1cter muestral. Participaron estudiantes de 6\u00b0 grado de 982 escuelas primarias de toda la provincia. El Ministerio de Educaci\u00f3n, a trav\u00e9s del Departamento de Evaluaci\u00f3n Educativa, llev\u00f3 adelante este martes 19, una jornada del operativo Aprender, dispositivo nacional de [&hellip;]<\/p>\n","protected":false},"author":1,"featured_media":27091,"comment_status":"closed","ping_status":"closed","sticky":false,"template":"","format":"standard","meta":{"footnotes":""},"categories":[6],"tags":[197],"class_list":{"0":"post-27090","1":"post","2":"type-post","3":"status-publish","4":"format-standard","5":"has-post-thumbnail","7":"category-chaco","8":"tag-destacada"},"_links":{"self":[{"href":"https:\/\/chacosintesis.com.ar\/index.php\/wp-json\/wp\/v2\/posts\/27090","targetHints":{"allow":["GET"]}}],"collection":[{"href":"https:\/\/chacosintesis.com.ar\/index.php\/wp-json\/wp\/v2\/posts"}],"about":[{"href":"https:\/\/chacosintesis.com.ar\/index.php\/wp-json\/wp\/v2\/types\/post"}],"author":[{"embeddable":true,"href":"https:\/\/chacosintesis.com.ar\/index.php\/wp-json\/wp\/v2\/users\/1"}],"replies":[{"embeddable":true,"href":"https:\/\/chacosintesis.com.ar\/index.php\/wp-json\/wp\/v2\/comments?post=27090"}],"version-history":[{"count":0,"href":"https:\/\/chacosintesis.com.ar\/index.php\/wp-json\/wp\/v2\/posts\/27090\/revisions"}],"wp:featuredmedia":[{"embeddable":true,"href":"https:\/\/chacosintesis.com.ar\/index.php\/wp-json\/wp\/v2\/media\/27091"}],"wp:attachment":[{"href":"https:\/\/chacosintesis.com.ar\/index.php\/wp-json\/wp\/v2\/media?parent=27090"}],"wp:term":[{"taxonomy":"category","embeddable":true,"href":"https:\/\/chacosintesis.com.ar\/index.php\/wp-json\/wp\/v2\/categories?post=27090"},{"taxonomy":"post_tag","embeddable":true,"href":"https:\/\/chacosintesis.com.ar\/index.php\/wp-json\/wp\/v2\/tags?post=27090"}],"curies":[{"name":"wp","href":"https:\/\/api.w.org\/{rel}","templated":true}]}}