{"id":27086,"date":"2023-09-20T08:40:53","date_gmt":"2023-09-20T11:40:53","guid":{"rendered":"https:\/\/chacosintesis.com.ar\/?p=27086"},"modified":"2023-09-20T09:06:59","modified_gmt":"2023-09-20T12:06:59","slug":"detuvieron-a-un-hombre-que-transportaba-casi-400-gramos-de-cocaina","status":"publish","type":"post","link":"https:\/\/chacosintesis.com.ar\/index.php\/detuvieron-a-un-hombre-que-transportaba-casi-400-gramos-de-cocaina\/","title":{"rendered":"Detuvieron a un hombre que transportaba casi 400 gramos de coca\u00edna"},"content":{"rendered":"<div class=\"postie-post\">Agentes de la Comisar\u00eda de Basail detuvieron anoche a un hombre en un operativo llevado a cabo en un camino vecinal, a un kil\u00f3metro del casco urbano de esa localidad. Durante el control a un vehiculo Chevrolet Aveo color gris oscuro, identificaron a su conductor, un hombre de 38 a\u00f1os, quien llevaba en el piso del lado del acompa\u00f1ante un envoltorio color negro. Ante ello los agentes le solicitaron que exhiba que conten\u00eda en su interior dicho paquete. El personal verific\u00f3 que en su interior ten\u00eda una sustancia blanquecina.<br \/>\nInmediatamente los efectivos dieron intervenci\u00f3n a polic\u00edas de la Direcci\u00f3n de Consumos Problem\u00e1ticos, quienes realizaron las pruebas de campo y pesaje correspondiente, las que tuvieron un resultado positivo para coca\u00edna con un peso de m\u00e1s de 380 gramos.<br \/>\nColaboraron en el procedimiento personal de Gendarmer\u00eda Nacional con sus canes \u201cJordi\u201d y \u201cOlivia\u201d. La droga encontrada fue secuestrada y el hombre de 38 a\u00f1os fue notificado de su aprehensi\u00f3n en una causa por \u201cSupuesta Infracci\u00f3n a la Ley N\u00b0 23.737 de Estupefacientes\u201d.<\/div>\n","protected":false},"excerpt":{"rendered":"<p>Agentes de la Comisar\u00eda de Basail detuvieron anoche a un hombre en un operativo llevado a cabo en un camino vecinal, a un kil\u00f3metro del casco urbano de esa localidad. Durante el control a un vehiculo Chevrolet Aveo color gris oscuro, identificaron a su conductor, un hombre de 38 a\u00f1os, quien llevaba en el piso [&hellip;]<\/p>\n","protected":false},"author":1,"featured_media":27087,"comment_status":"closed","ping_status":"closed","sticky":false,"template":"","format":"standard","meta":{"footnotes":""},"categories":[6],"tags":[],"class_list":{"0":"post-27086","1":"post","2":"type-post","3":"status-publish","4":"format-standard","5":"has-post-thumbnail","7":"category-chaco"},"_links":{"self":[{"href":"https:\/\/chacosintesis.com.ar\/index.php\/wp-json\/wp\/v2\/posts\/27086","targetHints":{"allow":["GET"]}}],"collection":[{"href":"https:\/\/chacosintesis.com.ar\/index.php\/wp-json\/wp\/v2\/posts"}],"about":[{"href":"https:\/\/chacosintesis.com.ar\/index.php\/wp-json\/wp\/v2\/types\/post"}],"author":[{"embeddable":true,"href":"https:\/\/chacosintesis.com.ar\/index.php\/wp-json\/wp\/v2\/users\/1"}],"replies":[{"embeddable":true,"href":"https:\/\/chacosintesis.com.ar\/index.php\/wp-json\/wp\/v2\/comments?post=27086"}],"version-history":[{"count":0,"href":"https:\/\/chacosintesis.com.ar\/index.php\/wp-json\/wp\/v2\/posts\/27086\/revisions"}],"wp:featuredmedia":[{"embeddable":true,"href":"https:\/\/chacosintesis.com.ar\/index.php\/wp-json\/wp\/v2\/media\/27087"}],"wp:attachment":[{"href":"https:\/\/chacosintesis.com.ar\/index.php\/wp-json\/wp\/v2\/media?parent=27086"}],"wp:term":[{"taxonomy":"category","embeddable":true,"href":"https:\/\/chacosintesis.com.ar\/index.php\/wp-json\/wp\/v2\/categories?post=27086"},{"taxonomy":"post_tag","embeddable":true,"href":"https:\/\/chacosintesis.com.ar\/index.php\/wp-json\/wp\/v2\/tags?post=27086"}],"curies":[{"name":"wp","href":"https:\/\/api.w.org\/{rel}","templated":true}]}}