{"id":27084,"date":"2023-09-19T19:47:17","date_gmt":"2023-09-19T22:47:17","guid":{"rendered":"https:\/\/chacosintesis.com.ar\/?p=27084"},"modified":"2023-09-19T20:07:16","modified_gmt":"2023-09-19T23:07:16","slug":"resistencia-sera-sede-del-tercer-congreso-provincial-y-encuentro-pre-congreso-nacional-de-trabajo-social","status":"publish","type":"post","link":"https:\/\/chacosintesis.com.ar\/index.php\/resistencia-sera-sede-del-tercer-congreso-provincial-y-encuentro-pre-congreso-nacional-de-trabajo-social\/","title":{"rendered":"Resistencia ser\u00e1 sede del tercer Congreso Provincial y Encuentro Pre Congreso Nacional de Trabajo Social"},"content":{"rendered":"<div class=\"postie-post\">El encuentro se realizar\u00e1 en el Amerian Hotel Casino Gala (Juan Domingo Per\u00f3n 330). Habr\u00e1 diversos talleres en simultaneo, tres paneles centrales y una mesa de experiencias e intercambios con representantes del NEA.<br \/>\nEl tercer Congreso Provincial y Encuentro Pre Congreso Nacional de Trabajo Social, se realizar\u00e1 el pr\u00f3ximo jueves 21 y viernes 22 de septiembre, en el Amerian Hotel Casino Gala (Juan Domingo Per\u00f3n 330). La primera jornada comenzar\u00e1 por la tarde y luego, el \u00faltimo d\u00eda, la agenda ser\u00e1 completa por la ma\u00f1ana y tarde para las y los trabajadores sociales.<br \/>\nHabr\u00e1 tres paneles centrales a cargo de referentes en la materia; talleres simult\u00e1neos sobre g\u00e9nero y sexualidades, \u00e9tica profesional, infancias e intervenciones profesionales. Adem\u00e1s, se podr\u00e1 disfrutar de una Mesa Panel Regional con referentes de Colegios del NEA con la participaci\u00f3n de representantes de Misiones, Corrientes, Formosa y Chaco. Tambi\u00e9n ser\u00e1 un espacio de intercambio y experiencias art\u00edsticas y culturales.<br \/>\nAgenda completa<br \/>\nJueves 21 de septiembre<br \/>\n15.00: acreditaci\u00f3n e inscripciones a talleres.<br \/>\n16.00: apertura art\u00edstica<br \/>\n16.30: panel de apertura a cargo del Lic. Diego Barla<br \/>\n17.30: primer Panel Central<br \/>\n18.50: receso para renovar el mate<br \/>\n19.10: ronda de conversaci\u00f3n a cargo de la Lic. Claudia Barbero y el Lic. Diego Barla<br \/>\n20.00: fin de la primera jornada<br \/>\n21.30: propuesta para compartir una actividad cultural (sitio a confirmar).<br \/>\nViernes 22 de septiembre<br \/>\n8.00: acreditaciones<br \/>\n8.30: segundo Panel Central<br \/>\n9.50: desarrollo de talleres simult\u00e1neos<br \/>\n11.20: receso para renovar el mate<br \/>\n11.30: mesa de experiencias<br \/>\n13.00: receso y almuerzo<br \/>\n15.00: presentaci\u00f3n art\u00edstica cultural<br \/>\n15.20: mesa regional con la participaci\u00f3n de representantes de los Colegios Profesionales de Misiones, Corrientes, Formosa y Chaco<br \/>\n16.40: receso para renovar el mate<br \/>\n16.50: tercer Panel Central<br \/>\n18.00: lectura de conclusiones sobre los talleres simult\u00e1neos.<br \/>\n18.20: palabras de cierre a cargo de la Lic. Mercedes Rodr\u00edguez y entrega de certificados<br \/>\n&lt;<a href=\"http:\/\/www.avg.com\/email-signature?utm_medium=email&amp;utm_source=link&amp;utm_campaign=sig-email&amp;utm_content=webmail\">www.avg.com\/email-signature?utm_medium=email&amp;utm_source=link&amp;utm_campaign=sig-email&amp;utm_content=webmail<\/a>&gt; Libre de virus.www.avg.com &lt;<a href=\"http:\/\/www.avg.com\/email-signature?utm_medium=email&amp;utm_source=link&amp;utm_campaign=sig-email&amp;utm_content=webmail\">www.avg.com\/email-signature?utm_medium=email&amp;utm_source=link&amp;utm_campaign=sig-email&amp;utm_content=webmail<\/a>&gt; <\/div>\n","protected":false},"excerpt":{"rendered":"<p>El encuentro se realizar\u00e1 en el Amerian Hotel Casino Gala (Juan Domingo Per\u00f3n 330). Habr\u00e1 diversos talleres en simultaneo, tres paneles centrales y una mesa de experiencias e intercambios con representantes del NEA. El tercer Congreso Provincial y Encuentro Pre Congreso Nacional de Trabajo Social, se realizar\u00e1 el pr\u00f3ximo jueves 21 y viernes 22 de [&hellip;]<\/p>\n","protected":false},"author":1,"featured_media":27085,"comment_status":"closed","ping_status":"closed","sticky":false,"template":"","format":"standard","meta":{"footnotes":""},"categories":[6],"tags":[],"class_list":{"0":"post-27084","1":"post","2":"type-post","3":"status-publish","4":"format-standard","5":"has-post-thumbnail","7":"category-chaco"},"_links":{"self":[{"href":"https:\/\/chacosintesis.com.ar\/index.php\/wp-json\/wp\/v2\/posts\/27084","targetHints":{"allow":["GET"]}}],"collection":[{"href":"https:\/\/chacosintesis.com.ar\/index.php\/wp-json\/wp\/v2\/posts"}],"about":[{"href":"https:\/\/chacosintesis.com.ar\/index.php\/wp-json\/wp\/v2\/types\/post"}],"author":[{"embeddable":true,"href":"https:\/\/chacosintesis.com.ar\/index.php\/wp-json\/wp\/v2\/users\/1"}],"replies":[{"embeddable":true,"href":"https:\/\/chacosintesis.com.ar\/index.php\/wp-json\/wp\/v2\/comments?post=27084"}],"version-history":[{"count":0,"href":"https:\/\/chacosintesis.com.ar\/index.php\/wp-json\/wp\/v2\/posts\/27084\/revisions"}],"wp:featuredmedia":[{"embeddable":true,"href":"https:\/\/chacosintesis.com.ar\/index.php\/wp-json\/wp\/v2\/media\/27085"}],"wp:attachment":[{"href":"https:\/\/chacosintesis.com.ar\/index.php\/wp-json\/wp\/v2\/media?parent=27084"}],"wp:term":[{"taxonomy":"category","embeddable":true,"href":"https:\/\/chacosintesis.com.ar\/index.php\/wp-json\/wp\/v2\/categories?post=27084"},{"taxonomy":"post_tag","embeddable":true,"href":"https:\/\/chacosintesis.com.ar\/index.php\/wp-json\/wp\/v2\/tags?post=27084"}],"curies":[{"name":"wp","href":"https:\/\/api.w.org\/{rel}","templated":true}]}}