{"id":27074,"date":"2023-09-19T17:59:26","date_gmt":"2023-09-19T20:59:26","guid":{"rendered":"https:\/\/chacosintesis.com.ar\/?p=27074"},"modified":"2023-09-19T18:06:46","modified_gmt":"2023-09-19T21:06:46","slug":"en-el-inicio-del-proceso-de-transicion-zdero-hablo-sobre-los-principales-ejes-de-su-plan-de-gobierno","status":"publish","type":"post","link":"https:\/\/chacosintesis.com.ar\/index.php\/en-el-inicio-del-proceso-de-transicion-zdero-hablo-sobre-los-principales-ejes-de-su-plan-de-gobierno\/","title":{"rendered":"En el inicio del proceso de transici\u00f3n, Zdero habl\u00f3 sobre los principales ejes de su plan de gobierno"},"content":{"rendered":"<div class=\"postie-post\">\u201cAguardamos un proceso de transici\u00f3n ordenado porque hemos interpretado lo que quieren los chaque\u00f1os\u201d, dijo el gobernador electo luego del encuentro con Jorge Capitanich y Anal\u00eda Rach Quiroga.<br \/>\nEl gobernador electo, Leandro Zdero, de Juntos por el Cambio, estuvo reunido con Jorge Capitanich, este martes al mediod\u00eda en Casa de Gobierno, con la finalidad de lograr una transici\u00f3n ordenada y para vincular el trabajo de los equipos en las diferentes \u00e1reas del Estado.<br \/>\n\u201cAguardamos un proceso de transici\u00f3n ordenado porque hemos interpretado lo que quieren los chaque\u00f1os. Vamos a lograr, con nuestro plan de gobierno, mejorar la educaci\u00f3n, fortalecer el sistema sanitario, apoyar al campo, a los comerciantes, a la industria, a los emprendedores, a las pymes y a la construcci\u00f3n; como as\u00ed tambi\u00e9n, seguridad y empleo para los chaque\u00f1os\u201d, manifest\u00f3 Zdero.<br \/>\nA casi tres meses de asunci\u00f3n del pr\u00f3ximo gobierno provincial, la reuni\u00f3n que se realiz\u00f3 en el Sal\u00f3n de Acuerdos \u201cGobernador Felipe Gallardo\u201d adem\u00e1s, cont\u00f3 con la presencia de la vicegobernadora Anal\u00eda Rach Quiroga.<br \/>\nDespu\u00e9s de la derrota electoral, el propio Capitanich se hab\u00eda contactado con Zdero para transmitirle que se encontraba a disposici\u00f3n de comenzar la transici\u00f3n que hoy signific\u00f3 este primer paso y se extender\u00e1 hasta el 10 de diciembre, cuando se renueven las autoridades.<br \/>\n&lt;<a href=\"http:\/\/www.avg.com\/email-signature?utm_medium=email&amp;utm_source=link&amp;utm_campaign=sig-email&amp;utm_content=webmail\">www.avg.com\/email-signature?utm_medium=email&amp;utm_source=link&amp;utm_campaign=sig-email&amp;utm_content=webmail<\/a>&gt; Libre de virus.www.avg.com &lt;<a href=\"http:\/\/www.avg.com\/email-signature?utm_medium=email&amp;utm_source=link&amp;utm_campaign=sig-email&amp;utm_content=webmail\">www.avg.com\/email-signature?utm_medium=email&amp;utm_source=link&amp;utm_campaign=sig-email&amp;utm_content=webmail<\/a>&gt; <\/div>\n","protected":false},"excerpt":{"rendered":"<p>\u201cAguardamos un proceso de transici\u00f3n ordenado porque hemos interpretado lo que quieren los chaque\u00f1os\u201d, dijo el gobernador electo luego del encuentro con Jorge Capitanich y Anal\u00eda Rach Quiroga. El gobernador electo, Leandro Zdero, de Juntos por el Cambio, estuvo reunido con Jorge Capitanich, este martes al mediod\u00eda en Casa de Gobierno, con la finalidad de [&hellip;]<\/p>\n","protected":false},"author":1,"featured_media":27075,"comment_status":"closed","ping_status":"closed","sticky":false,"template":"","format":"standard","meta":{"footnotes":""},"categories":[6],"tags":[],"class_list":{"0":"post-27074","1":"post","2":"type-post","3":"status-publish","4":"format-standard","5":"has-post-thumbnail","7":"category-chaco"},"_links":{"self":[{"href":"https:\/\/chacosintesis.com.ar\/index.php\/wp-json\/wp\/v2\/posts\/27074","targetHints":{"allow":["GET"]}}],"collection":[{"href":"https:\/\/chacosintesis.com.ar\/index.php\/wp-json\/wp\/v2\/posts"}],"about":[{"href":"https:\/\/chacosintesis.com.ar\/index.php\/wp-json\/wp\/v2\/types\/post"}],"author":[{"embeddable":true,"href":"https:\/\/chacosintesis.com.ar\/index.php\/wp-json\/wp\/v2\/users\/1"}],"replies":[{"embeddable":true,"href":"https:\/\/chacosintesis.com.ar\/index.php\/wp-json\/wp\/v2\/comments?post=27074"}],"version-history":[{"count":0,"href":"https:\/\/chacosintesis.com.ar\/index.php\/wp-json\/wp\/v2\/posts\/27074\/revisions"}],"wp:featuredmedia":[{"embeddable":true,"href":"https:\/\/chacosintesis.com.ar\/index.php\/wp-json\/wp\/v2\/media\/27075"}],"wp:attachment":[{"href":"https:\/\/chacosintesis.com.ar\/index.php\/wp-json\/wp\/v2\/media?parent=27074"}],"wp:term":[{"taxonomy":"category","embeddable":true,"href":"https:\/\/chacosintesis.com.ar\/index.php\/wp-json\/wp\/v2\/categories?post=27074"},{"taxonomy":"post_tag","embeddable":true,"href":"https:\/\/chacosintesis.com.ar\/index.php\/wp-json\/wp\/v2\/tags?post=27074"}],"curies":[{"name":"wp","href":"https:\/\/api.w.org\/{rel}","templated":true}]}}