{"id":27066,"date":"2023-09-19T16:25:16","date_gmt":"2023-09-19T19:25:16","guid":{"rendered":"https:\/\/chacosintesis.com.ar\/?p=27066"},"modified":"2023-09-19T16:37:17","modified_gmt":"2023-09-19T19:37:17","slug":"la-legislatura-debatira-cinco-iniciativas-en-la-sesion-ordinaria-de-este-miercoles","status":"publish","type":"post","link":"https:\/\/chacosintesis.com.ar\/index.php\/la-legislatura-debatira-cinco-iniciativas-en-la-sesion-ordinaria-de-este-miercoles\/","title":{"rendered":"La Legislatura debatir\u00e1 cinco iniciativas en la Sesi\u00f3n Ordinaria de este mi\u00e9rcoles"},"content":{"rendered":"<div class=\"postie-post\">La alteraci\u00f3n del orden del d\u00eda surgi\u00f3 del consenso logrado en la reuni\u00f3n de este martes, de la que participaron legisladoras y legisladores de todos los espacios pol\u00edticos. Se destacan la creaci\u00f3n de un Programa de Cooperativismo y Mutualismo Escolar y el lanzamiento de una nueva moratoria impositiva provincial.<br \/>\nLegisladoras y legisladores de los distintos espacios pol\u00edticos con representaci\u00f3n en la C\u00e1mara de Diputados consensuaron este martes la alteraci\u00f3n del orden del d\u00eda, de cara a la sesi\u00f3n ordinaria de este mi\u00e9rcoles, que incluir\u00e1 cinco proyectos de ley.<br \/>\nLa reuni\u00f3n de Labor Parlamentaria fue presidida por el titular del interbloque del Frente Chaque\u00f1o, Atlanto Honcheruk; y las diputadas Paola Ben\u00edtez, Zulma Galeano y Tere Cubells.<br \/>\nEn primer lugar, abordar el Proyecto de Ley, impulsado por Zulma Galeano, crea el Programa de Cooperativismo y Mutualismo Escolar.<br \/>\nA la vez, buscar\u00e1n sancionar la creaci\u00f3n de un R\u00e9gimen de Regularizaci\u00f3n Excepcional de Obligaciones Tributarias Provinciales, al cual podr\u00e1n acogerse aquellos sujetos pasivos de obligaciones fiscales provinciales cuyo vencimiento hubiera operado al 31 de Julio de 2023. Hay dos iniciativas sobre esta cuesti\u00f3n; una de la diputada Cubells y la otra del Ejecutivo.<br \/>\nAdem\u00e1s, el tercer punto lo conforma una iniciativa de la diputada Dorys Arkwriht, proyecto que impulsa declarar Patrimonio Hist\u00f3rico y Cultural a los saberes artesanales y artesan\u00edas del Chaco.<br \/>\nTambi\u00e9n, durante la jornada legislativa, las y los diputados tendr\u00e1n para su debate el proyecto de ley que busca establecer que toda obra p\u00fablica referida a nuevos edificios o refacciones de instituciones educativas, a cargo del Estado Provincial, deber\u00e1 contemplar la construcci\u00f3n de dos m\u00e1stiles. La intenci\u00f3n es propiciar el  izamiento de las Banderas Argentina y del Chaco, tal lo determina la normativa vigente \u201cNuevo Reglamento de Tratamiento de los S\u00edmbolos Patrios Nacionales y de los S\u00edmbolos Provinciales\u201d.<br \/>\nFinalmente, de manera condicional, se incluy\u00f3 el tratamiento de un proyecto de Ley que modificar\u00eda la norma que establece el Premio Anual Bettina V\u00e1squez. De esta manera, en la Comisi\u00f3n de Evaluaci\u00f3n y Adjudicaci\u00f3n, en lo respecta a los integrantes que representan a la C\u00e1mara de Diputados; se incluir\u00e1 a un legislador o una legisladora por cada bloque pol\u00edtico, integrante de la Comisi\u00f3n de G\u00e9nero, Diversidades, Familia, Ni\u00f1as, Ni\u00f1os y Adolescentes, con su respectivo titular y suplente.<br \/>\n&lt;<a href=\"http:\/\/www.avg.com\/email-signature?utm_medium=email&amp;utm_source=link&amp;utm_campaign=sig-email&amp;utm_content=webmail\">www.avg.com\/email-signature?utm_medium=email&amp;utm_source=link&amp;utm_campaign=sig-email&amp;utm_content=webmail<\/a>&gt; Libre de virus.www.avg.com &lt;<a href=\"http:\/\/www.avg.com\/email-signature?utm_medium=email&amp;utm_source=link&amp;utm_campaign=sig-email&amp;utm_content=webmail\">www.avg.com\/email-signature?utm_medium=email&amp;utm_source=link&amp;utm_campaign=sig-email&amp;utm_content=webmail<\/a>&gt; <\/div>\n","protected":false},"excerpt":{"rendered":"<p>La alteraci\u00f3n del orden del d\u00eda surgi\u00f3 del consenso logrado en la reuni\u00f3n de este martes, de la que participaron legisladoras y legisladores de todos los espacios pol\u00edticos. Se destacan la creaci\u00f3n de un Programa de Cooperativismo y Mutualismo Escolar y el lanzamiento de una nueva moratoria impositiva provincial. Legisladoras y legisladores de los distintos [&hellip;]<\/p>\n","protected":false},"author":1,"featured_media":27067,"comment_status":"closed","ping_status":"closed","sticky":false,"template":"","format":"standard","meta":{"footnotes":""},"categories":[6],"tags":[],"class_list":{"0":"post-27066","1":"post","2":"type-post","3":"status-publish","4":"format-standard","5":"has-post-thumbnail","7":"category-chaco"},"_links":{"self":[{"href":"https:\/\/chacosintesis.com.ar\/index.php\/wp-json\/wp\/v2\/posts\/27066","targetHints":{"allow":["GET"]}}],"collection":[{"href":"https:\/\/chacosintesis.com.ar\/index.php\/wp-json\/wp\/v2\/posts"}],"about":[{"href":"https:\/\/chacosintesis.com.ar\/index.php\/wp-json\/wp\/v2\/types\/post"}],"author":[{"embeddable":true,"href":"https:\/\/chacosintesis.com.ar\/index.php\/wp-json\/wp\/v2\/users\/1"}],"replies":[{"embeddable":true,"href":"https:\/\/chacosintesis.com.ar\/index.php\/wp-json\/wp\/v2\/comments?post=27066"}],"version-history":[{"count":0,"href":"https:\/\/chacosintesis.com.ar\/index.php\/wp-json\/wp\/v2\/posts\/27066\/revisions"}],"wp:featuredmedia":[{"embeddable":true,"href":"https:\/\/chacosintesis.com.ar\/index.php\/wp-json\/wp\/v2\/media\/27067"}],"wp:attachment":[{"href":"https:\/\/chacosintesis.com.ar\/index.php\/wp-json\/wp\/v2\/media?parent=27066"}],"wp:term":[{"taxonomy":"category","embeddable":true,"href":"https:\/\/chacosintesis.com.ar\/index.php\/wp-json\/wp\/v2\/categories?post=27066"},{"taxonomy":"post_tag","embeddable":true,"href":"https:\/\/chacosintesis.com.ar\/index.php\/wp-json\/wp\/v2\/tags?post=27066"}],"curies":[{"name":"wp","href":"https:\/\/api.w.org\/{rel}","templated":true}]}}