{"id":27058,"date":"2023-09-19T16:02:41","date_gmt":"2023-09-19T19:02:41","guid":{"rendered":"https:\/\/chacosintesis.com.ar\/?p=27058"},"modified":"2023-09-19T16:07:22","modified_gmt":"2023-09-19T19:07:22","slug":"transicion-ordenada-capitanich-y-rach-quiroga-recibieron-a-leandro-zdero","status":"publish","type":"post","link":"https:\/\/chacosintesis.com.ar\/index.php\/transicion-ordenada-capitanich-y-rach-quiroga-recibieron-a-leandro-zdero\/","title":{"rendered":"Transici\u00f3n ordenada: Capitanich y Rach Quiroga recibieron a Leandro Zdero"},"content":{"rendered":"<div class=\"postie-post\">El actual titular del Ejecutivo provincial y la vicegobernadora recibieron al gobernador electo en el Sal\u00f3n de Acuerdos de Casa de Gobierno.<br \/>\nTal como lo anunciara el gobernador Jorge Capitanich al reconocer la derrota electoral el pasado 17 de septiembre, comenz\u00f3 hoy la \u201ctransici\u00f3n ordenada\u201d hacia el 10 de diciembre. El mandatario provincial junto a la vicegobernadora Anal\u00eda Rach Quiroga recibi\u00f3 este mediod\u00eda al gobernador electo Leandro Zdero. El encuentro se desarroll\u00f3 en el Sal\u00f3n de Acuerdos \u201cFelipe Gallardo\u201d de Casa de Gobierno y hasta el momento no trascendieron aspectos relacionados a la charla mantenida.<br \/>\nEn la foto, se observan a Capitanich, Rach Quiroga y Zdero, en una distendida conversaci\u00f3n durante la jornada de este martes 19. As\u00ed, el compromiso asumido por el actual gobernador se concreta en la realidad, situaci\u00f3n que fue reconocida oportunamente desde Juntos por el Cambio.<br \/>\nNota en desarrollo\u2026<br \/>\n&lt;<a href=\"http:\/\/www.avg.com\/email-signature?utm_medium=email&amp;utm_source=link&amp;utm_campaign=sig-email&amp;utm_content=webmail\">www.avg.com\/email-signature?utm_medium=email&amp;utm_source=link&amp;utm_campaign=sig-email&amp;utm_content=webmail<\/a>&gt; Libre de virus.www.avg.com &lt;<a href=\"http:\/\/www.avg.com\/email-signature?utm_medium=email&amp;utm_source=link&amp;utm_campaign=sig-email&amp;utm_content=webmail\">www.avg.com\/email-signature?utm_medium=email&amp;utm_source=link&amp;utm_campaign=sig-email&amp;utm_content=webmail<\/a>&gt; <\/div>\n","protected":false},"excerpt":{"rendered":"<p>El actual titular del Ejecutivo provincial y la vicegobernadora recibieron al gobernador electo en el Sal\u00f3n de Acuerdos de Casa de Gobierno. Tal como lo anunciara el gobernador Jorge Capitanich al reconocer la derrota electoral el pasado 17 de septiembre, comenz\u00f3 hoy la \u201ctransici\u00f3n ordenada\u201d hacia el 10 de diciembre. El mandatario provincial junto a [&hellip;]<\/p>\n","protected":false},"author":1,"featured_media":27059,"comment_status":"closed","ping_status":"closed","sticky":false,"template":"","format":"standard","meta":{"footnotes":""},"categories":[6],"tags":[],"class_list":{"0":"post-27058","1":"post","2":"type-post","3":"status-publish","4":"format-standard","5":"has-post-thumbnail","7":"category-chaco"},"_links":{"self":[{"href":"https:\/\/chacosintesis.com.ar\/index.php\/wp-json\/wp\/v2\/posts\/27058","targetHints":{"allow":["GET"]}}],"collection":[{"href":"https:\/\/chacosintesis.com.ar\/index.php\/wp-json\/wp\/v2\/posts"}],"about":[{"href":"https:\/\/chacosintesis.com.ar\/index.php\/wp-json\/wp\/v2\/types\/post"}],"author":[{"embeddable":true,"href":"https:\/\/chacosintesis.com.ar\/index.php\/wp-json\/wp\/v2\/users\/1"}],"replies":[{"embeddable":true,"href":"https:\/\/chacosintesis.com.ar\/index.php\/wp-json\/wp\/v2\/comments?post=27058"}],"version-history":[{"count":0,"href":"https:\/\/chacosintesis.com.ar\/index.php\/wp-json\/wp\/v2\/posts\/27058\/revisions"}],"wp:featuredmedia":[{"embeddable":true,"href":"https:\/\/chacosintesis.com.ar\/index.php\/wp-json\/wp\/v2\/media\/27059"}],"wp:attachment":[{"href":"https:\/\/chacosintesis.com.ar\/index.php\/wp-json\/wp\/v2\/media?parent=27058"}],"wp:term":[{"taxonomy":"category","embeddable":true,"href":"https:\/\/chacosintesis.com.ar\/index.php\/wp-json\/wp\/v2\/categories?post=27058"},{"taxonomy":"post_tag","embeddable":true,"href":"https:\/\/chacosintesis.com.ar\/index.php\/wp-json\/wp\/v2\/tags?post=27058"}],"curies":[{"name":"wp","href":"https:\/\/api.w.org\/{rel}","templated":true}]}}