{"id":27054,"date":"2023-09-19T15:58:51","date_gmt":"2023-09-19T18:58:51","guid":{"rendered":"https:\/\/chacosintesis.com.ar\/?p=27054"},"modified":"2023-09-19T16:07:14","modified_gmt":"2023-09-19T19:07:14","slug":"educacion-presento-un-manual-didactico-sobre-chaco","status":"publish","type":"post","link":"https:\/\/chacosintesis.com.ar\/index.php\/educacion-presento-un-manual-didactico-sobre-chaco\/","title":{"rendered":"Educaci\u00f3n present\u00f3 un manual did\u00e1ctico sobre Chaco"},"content":{"rendered":"<div class=\"postie-post\">La coordinadora curricular de nivel Primario, Loreley P\u00e9rtile coment\u00f3 acerca del material que tiene como prop\u00f3sito poner en valor el patrimonio ambiental, cultural e hist\u00f3rico de la provincia.<br \/>\nEsta ma\u00f1ana, la coordinadora curricular de nivel primario, Loreley P\u00e9rtile dialog\u00f3 con Chaco TV acerca del nuevo manual did\u00e1ctico \u201cTras las huellas de Kalay\u00b4i, un fascinante recorrido por los caminos de Chaco\u201d. \u201cEs un material de texto escolar destinado fundamentalmente a estudiantes de cuarto y quinto grado de nivel primario por los saberes que se van trabajando y abordando en el material\u201d, explic\u00f3 y agreg\u00f3: \u201ctambi\u00e9n puede ser trabajado con estudiantes de sexto y s\u00e9ptimo grado, porque hay algunas actividades destinadas a ellos\u201d.<br \/>\n\u201cLa idea es que el docente pueda tomar el material, trabajarlo con \u00e9l en funci\u00f3n de su planificaci\u00f3n y c\u00f3mo va desarrollando las actividades para trabajar con las diferentes propuestas que se que se desarrollan all\u00ed\u201d, cont\u00f3 Loreley.<br \/>\nEn relaci\u00f3n a ello, la coordinadora curricular coment\u00f3: \u201csiempre cuando convers\u00e1bamos en las instituciones con las docentes nos dec\u00edan que faltaba un material de Chaco actualizado, no solamente con informaci\u00f3n actualizada, sino tambi\u00e9n en lo que es la interactividad\u201d.<br \/>\nEn este sentido, \u201cel material cuenta con c\u00f3digos QR, numerosos enlaces que llevan a videos, audios por ejemplo de nuestros cantos, de las aves locales, regionales, v\u00eddeos diversos\u201d, destac\u00f3. \u201cEs un material interactivo y tambi\u00e9n puede servir m\u00e1s all\u00e1 de los destinatarios espec\u00edficos, como material de consulta para cualquier nivel, para la familia, para el nivel secundario o el inicial\u201d, detall\u00f3.<br \/>\n\u201cSe encuentra disponible en la p\u00e1gina del Ministerio de Educaci\u00f3n, en el siguiente enlace,  para descarga libre y gratuita y estamos en proceso de de impresi\u00f3n para que puedan llegar a las escuelas como un material tangible y contar con el material en el aula\u201d, adelant\u00f3 Loreley P\u00e9rtile.<br \/>\n\u201cHemos tenido muy buena recepci\u00f3n por parte de los supervisores, con mucha satisfacci\u00f3n de los directores de nivel primario que lo reciben y lo est\u00e1n distribuyendo en las aulas\u201d, remarc\u00f3 la coordinadora. \u201cEl equipo autor es el \u00c1rea Curricular de Nivel Primario que est\u00e1 conformada por docentes que no son solamente de Resistencia, por eso tambi\u00e9n, es una mirada que atraviesa toda la provincia\u201d, destac\u00f3.<br \/>\n&lt;<a href=\"http:\/\/www.avg.com\/email-signature?utm_medium=email&amp;utm_source=link&amp;utm_campaign=sig-email&amp;utm_content=webmail\">www.avg.com\/email-signature?utm_medium=email&amp;utm_source=link&amp;utm_campaign=sig-email&amp;utm_content=webmail<\/a>&gt; Libre de virus.www.avg.com &lt;<a href=\"http:\/\/www.avg.com\/email-signature?utm_medium=email&amp;utm_source=link&amp;utm_campaign=sig-email&amp;utm_content=webmail\">www.avg.com\/email-signature?utm_medium=email&amp;utm_source=link&amp;utm_campaign=sig-email&amp;utm_content=webmail<\/a>&gt; <\/div>\n","protected":false},"excerpt":{"rendered":"<p>La coordinadora curricular de nivel Primario, Loreley P\u00e9rtile coment\u00f3 acerca del material que tiene como prop\u00f3sito poner en valor el patrimonio ambiental, cultural e hist\u00f3rico de la provincia. Esta ma\u00f1ana, la coordinadora curricular de nivel primario, Loreley P\u00e9rtile dialog\u00f3 con Chaco TV acerca del nuevo manual did\u00e1ctico \u201cTras las huellas de Kalay\u00b4i, un fascinante recorrido [&hellip;]<\/p>\n","protected":false},"author":1,"featured_media":27055,"comment_status":"closed","ping_status":"closed","sticky":false,"template":"","format":"standard","meta":{"footnotes":""},"categories":[6],"tags":[],"class_list":{"0":"post-27054","1":"post","2":"type-post","3":"status-publish","4":"format-standard","5":"has-post-thumbnail","7":"category-chaco"},"_links":{"self":[{"href":"https:\/\/chacosintesis.com.ar\/index.php\/wp-json\/wp\/v2\/posts\/27054","targetHints":{"allow":["GET"]}}],"collection":[{"href":"https:\/\/chacosintesis.com.ar\/index.php\/wp-json\/wp\/v2\/posts"}],"about":[{"href":"https:\/\/chacosintesis.com.ar\/index.php\/wp-json\/wp\/v2\/types\/post"}],"author":[{"embeddable":true,"href":"https:\/\/chacosintesis.com.ar\/index.php\/wp-json\/wp\/v2\/users\/1"}],"replies":[{"embeddable":true,"href":"https:\/\/chacosintesis.com.ar\/index.php\/wp-json\/wp\/v2\/comments?post=27054"}],"version-history":[{"count":0,"href":"https:\/\/chacosintesis.com.ar\/index.php\/wp-json\/wp\/v2\/posts\/27054\/revisions"}],"wp:featuredmedia":[{"embeddable":true,"href":"https:\/\/chacosintesis.com.ar\/index.php\/wp-json\/wp\/v2\/media\/27055"}],"wp:attachment":[{"href":"https:\/\/chacosintesis.com.ar\/index.php\/wp-json\/wp\/v2\/media?parent=27054"}],"wp:term":[{"taxonomy":"category","embeddable":true,"href":"https:\/\/chacosintesis.com.ar\/index.php\/wp-json\/wp\/v2\/categories?post=27054"},{"taxonomy":"post_tag","embeddable":true,"href":"https:\/\/chacosintesis.com.ar\/index.php\/wp-json\/wp\/v2\/tags?post=27054"}],"curies":[{"name":"wp","href":"https:\/\/api.w.org\/{rel}","templated":true}]}}