{"id":27048,"date":"2023-09-19T15:25:50","date_gmt":"2023-09-19T18:25:50","guid":{"rendered":"https:\/\/chacosintesis.com.ar\/?p=27048"},"modified":"2023-09-19T15:38:25","modified_gmt":"2023-09-19T18:38:25","slug":"se-conmemoro-el-dia-de-la-bandera-del-chaco-con-un-acto-emotivo-en-barranqueras","status":"publish","type":"post","link":"https:\/\/chacosintesis.com.ar\/index.php\/se-conmemoro-el-dia-de-la-bandera-del-chaco-con-un-acto-emotivo-en-barranqueras\/","title":{"rendered":"Se conmemor\u00f3 el D\u00eda de la Bandera del Chaco con un acto emotivo en Barranqueras"},"content":{"rendered":"<div class=\"postie-post\">La provincia del Chaco celebr\u00f3 este martes los 16 a\u00f1os de la creaci\u00f3n de su bandera con un importante evento y una puesta en escena sobresaliente por parte de las y los alumnos de la escuela primaria. &#8220;La escuela p\u00fablica y la educaci\u00f3n juegan un papel fundamental en la configuraci\u00f3n de nuestra identidad\u201d, destac\u00f3 el ministro de Educaci\u00f3n, Aldo Lineras.<br \/>\nEsta ma\u00f1ana en Barranqueras, en la Escuela de Educaci\u00f3n Primaria N\u00b0 954 \u201cJuan Domingo Per\u00f3n\u201d, se celebr\u00f3 el acto por el D\u00eda de la Bandera del Chaco con un importante y emotivo evento que cont\u00f3 con la participaci\u00f3n de las y los alumnos de esa escuela primaria. El acto cont\u00f3 con el acompa\u00f1amiento de toda la comunidad educativa, las familias y la presencia de la intendente de Barranqueras, Magda Ayala, el ministro de Educaci\u00f3n, Aldo Lineras, y el creador del dise\u00f1o de la bandera, Orlando Gadotti.<br \/>\nEn este sentido, Lineras dialog\u00f3 con Radio Provincia del Chaco y destac\u00f3: &#8220;La escuela p\u00fablica y la educaci\u00f3n juegan un papel fundamental en la configuraci\u00f3n de nuestra identidad como provincia y como naci\u00f3n\u201d. Asimismo, agreg\u00f3 que \u201cm\u00e1s all\u00e1 de la bandera y del himno, la escuela construye una s\u00f3lida sensaci\u00f3n de identidad y pertenencia\u201d. Adem\u00e1s, consider\u00f3 importante destacar que el trabajo de los docentes y las escuelas no genera eventos espectaculares. \u201cLa construcci\u00f3n de nuestra identidad chaque\u00f1a y argentina es un proceso que lleva a\u00f1os, aproximadamente 12 o 13, en el marco de la educaci\u00f3n obligatoria, y en el cual se forjan estas marcas identitarias&#8221;, se\u00f1al\u00f3.<br \/>\n\u201cSomos lo que somos como provincia y somos lo que somos como Naci\u00f3n gracias a la escuela p\u00fablica y a la educaci\u00f3n, que nos va marcando estas cuestiones en nuestra identidad. M\u00e1s all\u00e1 de la tela, que es la bandera y m\u00e1s all\u00e1 de las notas que componen un himno, lo que construye la escuela es una sensaci\u00f3n de identidad y de pertenencia\u201d, enfatiz\u00f3 el ministro. Por \u00faltimo, Lineras resalt\u00f3 que la provincia del Chaco tiene la suerte contar con Orlando Gadotti, autor de la bandera chaque\u00f1a que ahora ya forma parte de nuestra identidad. \u201cLa bandera y otros s\u00edmbolos son apropiados por la gente y se generan en el d\u00eda a d\u00eda de la escuela\u201d, dijo.<br \/>\nEn este sentido, el creador del dise\u00f1o de la bandera chaque\u00f1a, Orlando Gadotti, manifest\u00f3 su felicidad y sorpresa ante el acto realizado por los chicos de la Escuela N\u00b0 954 \u201cJuan Domingo Per\u00f3n\u201d. \u201cLa verdad que es muy lindo. No dejo de sorprenderme a pesar de que hemos cumplido 16 a\u00f1os\u201d, expres\u00f3, al mismo tiempo que agreg\u00f3: \u201cYo simplemente colabor\u00e9 en una parte del dise\u00f1o. Siempre digo que todos los chaque\u00f1os somos parte de esta bandera porque todos somos un pedacito del verde, un pedacito del blanco, un pedacito del celeste\u201d.<br \/>\nAsimismo, dej\u00f3 una reflexi\u00f3n sobre la importancia y el significado de la bandera. \u201cYo creo que pueden cambiar los hombres, pueden cambiar los pol\u00edticos, pueden cambiar un mont\u00f3n de cosas. Pero la bandera es algo muy fuerte del Chaco. Es una bandera que no deja fuera a nadie. Va a seguir protegi\u00e9ndonos y va a ser el gran lema nuestro. Es el gran significado que vamos a tener los chaque\u00f1os. Hay que cuidar los s\u00edmbolos patrios\u201d, se\u00f1al\u00f3.<br \/>\n<<a href=\"http:\/\/www.avg.com\/email-signature?utm_medium=email&#038;utm_source=link&#038;utm_campaign=sig-email&#038;utm_content=webmail\">www.avg.com\/email-signature?utm_medium=email&amp;utm_source=link&amp;utm_campaign=sig-email&amp;utm_content=webmail<\/a>> Libre de virus.www.avg.com <<a href=\"http:\/\/www.avg.com\/email-signature?utm_medium=email&#038;utm_source=link&#038;utm_campaign=sig-email&#038;utm_content=webmail\">www.avg.com\/email-signature?utm_medium=email&amp;utm_source=link&amp;utm_campaign=sig-email&amp;utm_content=webmail<\/a>> <#DAB4FAD8-2DD7-40BB-A1B8-4E2AA1F9FDF2><\/div>\n","protected":false},"excerpt":{"rendered":"<p>La provincia del Chaco celebr\u00f3 este martes los 16 a\u00f1os de la creaci\u00f3n de su bandera con un importante evento y una puesta en escena sobresaliente por parte de las y los alumnos de la escuela primaria. &#8220;La escuela p\u00fablica y la educaci\u00f3n juegan un papel fundamental en la configuraci\u00f3n de nuestra identidad\u201d, destac\u00f3 el [&hellip;]<\/p>\n","protected":false},"author":1,"featured_media":27049,"comment_status":"closed","ping_status":"closed","sticky":false,"template":"","format":"standard","meta":{"footnotes":""},"categories":[6],"tags":[],"class_list":{"0":"post-27048","1":"post","2":"type-post","3":"status-publish","4":"format-standard","5":"has-post-thumbnail","7":"category-chaco"},"_links":{"self":[{"href":"https:\/\/chacosintesis.com.ar\/index.php\/wp-json\/wp\/v2\/posts\/27048","targetHints":{"allow":["GET"]}}],"collection":[{"href":"https:\/\/chacosintesis.com.ar\/index.php\/wp-json\/wp\/v2\/posts"}],"about":[{"href":"https:\/\/chacosintesis.com.ar\/index.php\/wp-json\/wp\/v2\/types\/post"}],"author":[{"embeddable":true,"href":"https:\/\/chacosintesis.com.ar\/index.php\/wp-json\/wp\/v2\/users\/1"}],"replies":[{"embeddable":true,"href":"https:\/\/chacosintesis.com.ar\/index.php\/wp-json\/wp\/v2\/comments?post=27048"}],"version-history":[{"count":0,"href":"https:\/\/chacosintesis.com.ar\/index.php\/wp-json\/wp\/v2\/posts\/27048\/revisions"}],"wp:featuredmedia":[{"embeddable":true,"href":"https:\/\/chacosintesis.com.ar\/index.php\/wp-json\/wp\/v2\/media\/27049"}],"wp:attachment":[{"href":"https:\/\/chacosintesis.com.ar\/index.php\/wp-json\/wp\/v2\/media?parent=27048"}],"wp:term":[{"taxonomy":"category","embeddable":true,"href":"https:\/\/chacosintesis.com.ar\/index.php\/wp-json\/wp\/v2\/categories?post=27048"},{"taxonomy":"post_tag","embeddable":true,"href":"https:\/\/chacosintesis.com.ar\/index.php\/wp-json\/wp\/v2\/tags?post=27048"}],"curies":[{"name":"wp","href":"https:\/\/api.w.org\/{rel}","templated":true}]}}