{"id":27032,"date":"2023-09-18T19:18:49","date_gmt":"2023-09-18T22:18:49","guid":{"rendered":"https:\/\/chacosintesis.com.ar\/?p=27032"},"modified":"2023-09-18T19:37:40","modified_gmt":"2023-09-18T22:37:40","slug":"chapo-la-voluntad-popular-se-expreso-y-vamos-a-acompanarla-desarrollando-una-transicion-ordenada-y-respetuosa","status":"publish","type":"post","link":"https:\/\/chacosintesis.com.ar\/index.php\/chapo-la-voluntad-popular-se-expreso-y-vamos-a-acompanarla-desarrollando-una-transicion-ordenada-y-respetuosa\/","title":{"rendered":"Chapo: \u201cLa voluntad popular se expres\u00f3 y vamos a acompa\u00f1arla desarrollando una transici\u00f3n ordenada y respetuosa\u201d"},"content":{"rendered":"<div class=\"postie-post\">El vocero oficial destac\u00f3 que el gobernador que asumir\u00e1 desde el 10 de diciembre \u201cva a tener la posibilidad de heredar un Chaco absolutamente distinto al que tuvo que conducir Capitanich en 2007\u201d.<br \/>\nEl portavoz oficial del Gobierno del Chaco, Juan Manuel Chapo, brind\u00f3 este lunes su habitual conferencia de prensa luego de los comicios electorales de este domingo. \u201cSomos muy respetuosos de la voluntad popular que ayer se expres\u00f3, y vamos a acompa\u00f1arla desarrollando una transici\u00f3n absolutamente ordenada y respetuosa, como hemos sido siempre\u201d, se\u00f1al\u00f3.<br \/>\nChapo, quien respondi\u00f3 consultas de los medios de comunicaci\u00f3n, destac\u00f3 adem\u00e1s que \u201cel gobernador que asumir\u00e1 desde el 10 de diciembre va a tener la posibilidad de heredar un Chaco absolutamente distinto al que tuvo que conducir Capitanich en 2007\u201d, y record\u00f3 que \u201cmuchos medios locales y nacionales nos describ\u00edan como una provincia inviable. Hoy Chaco ha asentado las bases de su desarrollo y eso ha sido posible por la visi\u00f3n del actual gobernador, que ha generado una enorme cantidad de inversiones p\u00fablicas y privadas para que la provincia hoy sea otra\u201d.<br \/>\nEn ese contexto, el vocero remarc\u00f3 adem\u00e1s la actitud del gobernador Jorge Capitanich de cara al cambio de gobierno: \u201cVamos a poner todos nuestros equipos a disposici\u00f3n del gobernador electo a los efectos de que la transici\u00f3n sea absolutamente ordenada y transparente y, como dijo ayer el gobernador Capitanich, no se tomar\u00e1n ninguna decisi\u00f3n que pueda comprometer las finanzas de la provincia, lo haremos con absoluta responsabilidad\u201d.<br \/>\nSin embargo, Chapo lament\u00f3 algunos hechos ocurridos en el \u00faltimo tramo de la campa\u00f1a: \u201cEn todo este proceso siempre tuvimos, de parte del gobernador y de todos nosotros, much\u00edsimo respeto por nuestros adversarios. Eso no fue rec\u00edproco\u201d, se\u00f1al\u00f3.<\/p>\n<p>Proceso de regularizaci\u00f3n laboral<br \/>\nConsultado acerca de la continuidad del proceso de regularizaci\u00f3n laboral para trabajadores y trabajadoras de la administraci\u00f3n p\u00fablica provincial, el portavoz asegur\u00f3 que \u201cel proceso contin\u00faa\u201d, considerando que fue definido en virtud de que la provincia cuenta con un convenio colectivo de trabajo \u201cque ha sido un gran avance para los trabajadores p\u00fablicos\u201d.<br \/>\nPor eso, remarc\u00f3 Chapo, \u201chay que llevarle tranquilidad a los trabajadores y trabajadoras del sector p\u00fablico porque es un proceso que va a continuar de aqu\u00ed al a\u00f1o 2030\u201d.<br \/>\n\u201dNos abocaremos a la reconstrucci\u00f3n de un proyecto pol\u00edtico que tiene mucho para darle al Chaco\u201d.<br \/>\nEl portavoz destac\u00f3 el desarrollo de la campa\u00f1a que tuvo como particularidad la cercan\u00eda con la comunidad y la presencia del gobernador Capitanich en distintos puntos de la provincia: \u201cCreo que fue una campa\u00f1a de cara a la gente, una campa\u00f1a de mucha proximidad\u201d.<br \/>\nPor otra parte, Chapo adelant\u00f3 que se trabajar\u00e1 en \u201creacomodar y reconstruir un proyecto pol\u00edtico que le ha dado much\u00edsimo a la provincia y entendemos que a\u00fan tiene mucho para darle. Nos sentimos muy orgullosos de formar parte del equipo de quien es el mejor gobernador de la historia de la provincia. Quienes confiamos en el liderazgo de Jorge Capitanich entendemos que tiene much\u00edsimo para darle al Chaco\u201d.<br \/>\n&lt;<a href=\"http:\/\/www.avg.com\/email-signature?utm_medium=email&amp;utm_source=link&amp;utm_campaign=sig-email&amp;utm_content=webmail\">www.avg.com\/email-signature?utm_medium=email&amp;utm_source=link&amp;utm_campaign=sig-email&amp;utm_content=webmail<\/a>&gt; Libre de virus.www.avg.com &lt;<a href=\"http:\/\/www.avg.com\/email-signature?utm_medium=email&amp;utm_source=link&amp;utm_campaign=sig-email&amp;utm_content=webmail\">www.avg.com\/email-signature?utm_medium=email&amp;utm_source=link&amp;utm_campaign=sig-email&amp;utm_content=webmail<\/a>&gt; <\/div>\n","protected":false},"excerpt":{"rendered":"<p>El vocero oficial destac\u00f3 que el gobernador que asumir\u00e1 desde el 10 de diciembre \u201cva a tener la posibilidad de heredar un Chaco absolutamente distinto al que tuvo que conducir Capitanich en 2007\u201d. El portavoz oficial del Gobierno del Chaco, Juan Manuel Chapo, brind\u00f3 este lunes su habitual conferencia de prensa luego de los comicios [&hellip;]<\/p>\n","protected":false},"author":1,"featured_media":27033,"comment_status":"closed","ping_status":"closed","sticky":false,"template":"","format":"standard","meta":{"footnotes":""},"categories":[6],"tags":[],"class_list":{"0":"post-27032","1":"post","2":"type-post","3":"status-publish","4":"format-standard","5":"has-post-thumbnail","7":"category-chaco"},"_links":{"self":[{"href":"https:\/\/chacosintesis.com.ar\/index.php\/wp-json\/wp\/v2\/posts\/27032","targetHints":{"allow":["GET"]}}],"collection":[{"href":"https:\/\/chacosintesis.com.ar\/index.php\/wp-json\/wp\/v2\/posts"}],"about":[{"href":"https:\/\/chacosintesis.com.ar\/index.php\/wp-json\/wp\/v2\/types\/post"}],"author":[{"embeddable":true,"href":"https:\/\/chacosintesis.com.ar\/index.php\/wp-json\/wp\/v2\/users\/1"}],"replies":[{"embeddable":true,"href":"https:\/\/chacosintesis.com.ar\/index.php\/wp-json\/wp\/v2\/comments?post=27032"}],"version-history":[{"count":0,"href":"https:\/\/chacosintesis.com.ar\/index.php\/wp-json\/wp\/v2\/posts\/27032\/revisions"}],"wp:featuredmedia":[{"embeddable":true,"href":"https:\/\/chacosintesis.com.ar\/index.php\/wp-json\/wp\/v2\/media\/27033"}],"wp:attachment":[{"href":"https:\/\/chacosintesis.com.ar\/index.php\/wp-json\/wp\/v2\/media?parent=27032"}],"wp:term":[{"taxonomy":"category","embeddable":true,"href":"https:\/\/chacosintesis.com.ar\/index.php\/wp-json\/wp\/v2\/categories?post=27032"},{"taxonomy":"post_tag","embeddable":true,"href":"https:\/\/chacosintesis.com.ar\/index.php\/wp-json\/wp\/v2\/tags?post=27032"}],"curies":[{"name":"wp","href":"https:\/\/api.w.org\/{rel}","templated":true}]}}