{"id":27026,"date":"2023-09-18T19:09:46","date_gmt":"2023-09-18T22:09:46","guid":{"rendered":"https:\/\/chacosintesis.com.ar\/?p=27026"},"modified":"2023-09-18T19:37:25","modified_gmt":"2023-09-18T22:37:25","slug":"el-coro-qom-chelaalapi-culmino-su-segunda-gira-por-europa","status":"publish","type":"post","link":"https:\/\/chacosintesis.com.ar\/index.php\/el-coro-qom-chelaalapi-culmino-su-segunda-gira-por-europa\/","title":{"rendered":"El Coro Qom Chelaalapi culmin\u00f3 su segunda gira por Europa"},"content":{"rendered":"<div class=\"postie-post\">El primer coro ind\u00edgena, representante de la provincia del Chaco, present\u00f3 su cuarto trabajo de estudio \u201cCampo del cielo\u201d en colaboraci\u00f3n con el productor Lagartijeando.<br \/>\nDesde el mi\u00e9rcoles 13 al domingo 17 de septiembre el Coro Qom Chelaalapi, cuerpo estable del Instituto de Cultura del Chaco, realiz\u00f3 una exitosa gira por importantes escenarios de Europa presentando su cuarto trabajo de estudio \u201cCampo del cielo\u201d en colaboraci\u00f3n con el productor Lagartijeando. La Euro Tour 2023 fue la segunda visita de nuestro m\u00edtico coro a Europa inclu\u00eda a ciudades de Espa\u00f1a y Francia.<br \/>\nEl coro inici\u00f3 su gira el mi\u00e9rcoles 13 en una sala ubicada en pleno centro madrile\u00f1o en un d\u00eda t\u00edpico de verano europeo. As\u00ed pues, con una producci\u00f3n de Guacamayo Tropical, las canciones de la bandada de zorzales sonaron ante un p\u00fablico entusiasta en El Intruso. Muchos argentinos radicados en Madrid se acercaron para conocerlos.<br \/>\nCabe destacar, adem\u00e1s, que al llegar a la ciudad fueron recibidos por los due\u00f1os del sello discogr\u00e1fico Shika Shika, quienes les entregaron los vinilos de su nuevo trabajo musical \u201cCampo del Cielo\u201d, que s\u00f3lo se comercializan en formato f\u00edsico en Europa.<br \/>\nEn tanto, el jueves 14, el primer show en Francia fue todo un \u00e9xito. El espacio La Rebell de la ciudad de La Rochelle convoc\u00f3 desde j\u00f3venes universitarios a integrantes de movimientos indigenistas y p\u00fablico en general que durante una hora disfrutaron de un show donde se fusionaron lo m\u00edstico y lo moderno.<br \/>\nA sala llena, el viernes 15 el coro hizo su presentaci\u00f3n en L\u2019Alimentation G\u00e9n\u00e9rale, por primera vez en Par\u00eds. Este show, al igual que el de Barcelona, fue una producci\u00f3n de \u201cdeputamadre club\u201d, una de las mayores productoras de shows latinos en Europa.<br \/>\nEl s\u00e1bado 16 tocaron en Toulouse, donde presentaron un showcase en \u201cMotor\u201d. La producci\u00f3n de esta fecha estuvo a cargo de Shika Shika.<br \/>\nPara finalizar, el cierre de la gira tuvo lugar en Barcelona el domingo 17 de septiembre. Con producci\u00f3n de \u201cdeputamadre club\u201d se presentaron ante un p\u00fablico que los ovacion\u00f3 en Razzmatazz, una de las salas m\u00e1s importantes de esa ciudad.<br \/>\nCampo del Cielo<br \/>\nSe trata de un EP editado por el sello londinense Shika Shika en colaboraci\u00f3n entre el coro y el productor Mat\u00edas Zundel. Este es el cuarto trabajo que realizan en conjunto para Latinoam\u00e9rica y se lo ha concebido a modo de celebraci\u00f3n por el 61 aniversario de trayectoria de la \u201cBandada de zorzales\u201d.<br \/>\n\u201cCampo del Cielo\u201d cuenta con 3 tracks producidos por Lagartijeando, quien experimenta con la tradici\u00f3n Qom en un plano electr\u00f3nico org\u00e1nico y bailable. Complementariamente, Campo del Cielo presenta 3 grabaciones in\u00e9ditas y originales del Coro Qom Chelaalap\u00ed, grabadas por Lagartijeando en Resistencia, Chaco. El primer sigle de esta obra, \u201cCanci\u00f3n de cuna\u201d fue estrenado en marzo de este a\u00f1o.<br \/>\nCoro Qom Chelaalapi<br \/>\nEl Chelaalapi fue el primer coro ind\u00edgena fundado en Latinoam\u00e9rica. Se cre\u00f3 en 1962 y desde entonces mantiene vivo el legado de diversas generaciones ind\u00edgenas interpretando sus canciones en lengua original, ejecutando instrumentos tradicionales y poniendo en valor el patrimonio cultural, visibilizando as\u00ed nuestra identidad multicultural y diversa a nivel nacional e internacional.<br \/>\nFue reconocido y declarado oficialmente como Embajador Cultural de la etnia Qom, Coro Oficial de la Provincia del Chaco, Patrimonio Cultural y S\u00edmbolo de la Cultura Chaque\u00f1a por el Poder Ejecutivo, Patrimonio Cultural Viviente del Chaco (propuesto por la UNESCO-2006), Patrimonio Cultural Viviente (C\u00e1mara de Diputados del Chaco) y Declaraci\u00f3n de Inter\u00e9s Cultural (Senado de la Naci\u00f3n Argentina, abril de 2008).<br \/>\n<<a href=\"http:\/\/www.avg.com\/email-signature?utm_medium=email&#038;utm_source=link&#038;utm_campaign=sig-email&#038;utm_content=webmail\">www.avg.com\/email-signature?utm_medium=email&amp;utm_source=link&amp;utm_campaign=sig-email&amp;utm_content=webmail<\/a>> Libre de virus.www.avg.com <<a href=\"http:\/\/www.avg.com\/email-signature?utm_medium=email&#038;utm_source=link&#038;utm_campaign=sig-email&#038;utm_content=webmail\">www.avg.com\/email-signature?utm_medium=email&amp;utm_source=link&amp;utm_campaign=sig-email&amp;utm_content=webmail<\/a>> <#DAB4FAD8-2DD7-40BB-A1B8-4E2AA1F9FDF2><\/div>\n","protected":false},"excerpt":{"rendered":"<p>El primer coro ind\u00edgena, representante de la provincia del Chaco, present\u00f3 su cuarto trabajo de estudio \u201cCampo del cielo\u201d en colaboraci\u00f3n con el productor Lagartijeando. Desde el mi\u00e9rcoles 13 al domingo 17 de septiembre el Coro Qom Chelaalapi, cuerpo estable del Instituto de Cultura del Chaco, realiz\u00f3 una exitosa gira por importantes escenarios de Europa [&hellip;]<\/p>\n","protected":false},"author":1,"featured_media":27027,"comment_status":"closed","ping_status":"closed","sticky":false,"template":"","format":"standard","meta":{"footnotes":""},"categories":[6],"tags":[],"class_list":{"0":"post-27026","1":"post","2":"type-post","3":"status-publish","4":"format-standard","5":"has-post-thumbnail","7":"category-chaco"},"_links":{"self":[{"href":"https:\/\/chacosintesis.com.ar\/index.php\/wp-json\/wp\/v2\/posts\/27026","targetHints":{"allow":["GET"]}}],"collection":[{"href":"https:\/\/chacosintesis.com.ar\/index.php\/wp-json\/wp\/v2\/posts"}],"about":[{"href":"https:\/\/chacosintesis.com.ar\/index.php\/wp-json\/wp\/v2\/types\/post"}],"author":[{"embeddable":true,"href":"https:\/\/chacosintesis.com.ar\/index.php\/wp-json\/wp\/v2\/users\/1"}],"replies":[{"embeddable":true,"href":"https:\/\/chacosintesis.com.ar\/index.php\/wp-json\/wp\/v2\/comments?post=27026"}],"version-history":[{"count":0,"href":"https:\/\/chacosintesis.com.ar\/index.php\/wp-json\/wp\/v2\/posts\/27026\/revisions"}],"wp:featuredmedia":[{"embeddable":true,"href":"https:\/\/chacosintesis.com.ar\/index.php\/wp-json\/wp\/v2\/media\/27027"}],"wp:attachment":[{"href":"https:\/\/chacosintesis.com.ar\/index.php\/wp-json\/wp\/v2\/media?parent=27026"}],"wp:term":[{"taxonomy":"category","embeddable":true,"href":"https:\/\/chacosintesis.com.ar\/index.php\/wp-json\/wp\/v2\/categories?post=27026"},{"taxonomy":"post_tag","embeddable":true,"href":"https:\/\/chacosintesis.com.ar\/index.php\/wp-json\/wp\/v2\/tags?post=27026"}],"curies":[{"name":"wp","href":"https:\/\/api.w.org\/{rel}","templated":true}]}}