{"id":27009,"date":"2023-09-17T22:35:08","date_gmt":"2023-09-18T01:35:08","guid":{"rendered":"https:\/\/chacosintesis.com.ar\/?p=27009"},"modified":"2023-09-17T22:36:50","modified_gmt":"2023-09-18T01:36:50","slug":"zdero-queremos-agradecer-a-todos-los-chaquenos-porque-construimos-juntos-este-sueno","status":"publish","type":"post","link":"https:\/\/chacosintesis.com.ar\/index.php\/zdero-queremos-agradecer-a-todos-los-chaquenos-porque-construimos-juntos-este-sueno\/","title":{"rendered":"Zdero: \u201cQueremos agradecer a todos los chaque\u00f1os, porque construimos juntos este sue\u00f1o\u201d"},"content":{"rendered":"<div class=\"postie-post\">El candidato de Juntos por el Cambio, electo gobernador del Chaco, apunt\u00f3 al di\u00e1logo para una transici\u00f3n ordenada y agradeci\u00f3 a los trabajadores y referentes nacionales presentes.<\/p>\n<p>\u201cQueremos agradecer a todos los chaque\u00f1os porque construimos juntos este sue\u00f1o\u201d, inici\u00f3 su discurso Leandro Zdero, electo gobernador de la provincia del Chaco. El candidato de Juntos por el Cambio apunt\u00f3 al di\u00e1logo para una transici\u00f3n ordenada y agradeci\u00f3 a los trabajadores y referentes nacionales presentes.<br \/>\n\u201cEs una noche de agradecimientos, un gracias enorme a todos los chaque\u00f1os que nos abrieron sus puertas, que nos abrieron su coraz\u00f3n, que escuchamos sus dolores, pero que tambi\u00e9n aprendimos juntos la posibilidad de construir este sue\u00f1o para reparar la provincia\u201d, indic\u00f3. El candidato se\u00f1al\u00f3 el agradecimiento a los candidatos y funcionarios municipales y tambi\u00e9n a los fiscales. Adem\u00e1s, al gobernador correntino Gustavo Vald\u00e9s quien acompa\u00f1\u00f3 desde el bunker proselitista.<br \/>\nJunto a dirigentes nacionales, como Ricardo L\u00f3pez Murphy y Patricia Bullrich, el candidato electo insisti\u00f3 en el di\u00e1logo. \u201cVan a todas las fuerzas nuestro respeto porque se ejerci\u00f3 la democracia. Despu\u00e9s del 10 de diciembre vamos a garantizar una provincia democr\u00e1tica. Por eso queremos garantizar una transici\u00f3n ordenada\u201d, insisti\u00f3.<br \/>\n\u201cVamos a estar en el convencimiento de que las coincidencias de quienes formamos este proyecto pol\u00edtico surgi\u00f3 fundamentalmente de la gente. Esto surgi\u00f3 de la alianza con los chaque\u00f1os y es la idea que vamos a custodiar en la gesti\u00f3n\u201d, destac\u00f3.<br \/>\nPatricia Bullrich, candidata presidencial de JxC, por su parte, catalog\u00f3 a este d\u00eda como uno &#8220;de los m\u00e1s importantes que tiene la historia de la Rep\u00fablica Argentina&#8221;. &#8220;Ten\u00edamos la convicci\u00f3n de que hay una decisi\u00f3n profunda de cambio del pueblo chaque\u00f1o. Por eso, un agradecimiento principal al pueblo y a todos los equipos que hoy est\u00e1n para gobernar el Chaco&#8221;, mencion\u00f3.<br \/>\n&#8220;Vamos a gobernar el pa\u00eds con una nueva mayor\u00eda. Vamos a darle a la Argentina un cambio de verdad profundo, con coraje&#8221;, detac\u00f3. La candidata nacional, insisti\u00f3 en el t\u00e9rmino &#8220;es ahora&#8221; y culmin\u00f3 con la frase &#8220;el cambio es para siempre&#8221;.<\/p>\n<\/div>\n","protected":false},"excerpt":{"rendered":"<p>El candidato de Juntos por el Cambio, electo gobernador del Chaco, apunt\u00f3 al di\u00e1logo para una transici\u00f3n ordenada y agradeci\u00f3 a los trabajadores y referentes nacionales presentes. \u201cQueremos agradecer a todos los chaque\u00f1os porque construimos juntos este sue\u00f1o\u201d, inici\u00f3 su discurso Leandro Zdero, electo gobernador de la provincia del Chaco. El candidato de Juntos por [&hellip;]<\/p>\n","protected":false},"author":1,"featured_media":27010,"comment_status":"closed","ping_status":"closed","sticky":false,"template":"","format":"standard","meta":{"footnotes":""},"categories":[6],"tags":[197],"class_list":{"0":"post-27009","1":"post","2":"type-post","3":"status-publish","4":"format-standard","5":"has-post-thumbnail","7":"category-chaco","8":"tag-destacada"},"_links":{"self":[{"href":"https:\/\/chacosintesis.com.ar\/index.php\/wp-json\/wp\/v2\/posts\/27009","targetHints":{"allow":["GET"]}}],"collection":[{"href":"https:\/\/chacosintesis.com.ar\/index.php\/wp-json\/wp\/v2\/posts"}],"about":[{"href":"https:\/\/chacosintesis.com.ar\/index.php\/wp-json\/wp\/v2\/types\/post"}],"author":[{"embeddable":true,"href":"https:\/\/chacosintesis.com.ar\/index.php\/wp-json\/wp\/v2\/users\/1"}],"replies":[{"embeddable":true,"href":"https:\/\/chacosintesis.com.ar\/index.php\/wp-json\/wp\/v2\/comments?post=27009"}],"version-history":[{"count":0,"href":"https:\/\/chacosintesis.com.ar\/index.php\/wp-json\/wp\/v2\/posts\/27009\/revisions"}],"wp:featuredmedia":[{"embeddable":true,"href":"https:\/\/chacosintesis.com.ar\/index.php\/wp-json\/wp\/v2\/media\/27010"}],"wp:attachment":[{"href":"https:\/\/chacosintesis.com.ar\/index.php\/wp-json\/wp\/v2\/media?parent=27009"}],"wp:term":[{"taxonomy":"category","embeddable":true,"href":"https:\/\/chacosintesis.com.ar\/index.php\/wp-json\/wp\/v2\/categories?post=27009"},{"taxonomy":"post_tag","embeddable":true,"href":"https:\/\/chacosintesis.com.ar\/index.php\/wp-json\/wp\/v2\/tags?post=27009"}],"curies":[{"name":"wp","href":"https:\/\/api.w.org\/{rel}","templated":true}]}}