{"id":27007,"date":"2023-09-17T22:24:44","date_gmt":"2023-09-18T01:24:44","guid":{"rendered":"https:\/\/chacosintesis.com.ar\/?p=27007"},"modified":"2023-09-17T22:36:38","modified_gmt":"2023-09-18T01:36:38","slug":"capitanich-leandro-zdero-ha-sido-electo-por-el-pueblo-del-chaco-hoy-se-inicia-una-transicion-ordenada","status":"publish","type":"post","link":"https:\/\/chacosintesis.com.ar\/index.php\/capitanich-leandro-zdero-ha-sido-electo-por-el-pueblo-del-chaco-hoy-se-inicia-una-transicion-ordenada\/","title":{"rendered":"Capitanich: \u201cLeandro Zdero ha sido electo por el pueblo del Chaco, hoy se inicia una transici\u00f3n ordenada&#8221;"},"content":{"rendered":"<div class=\"postie-post\">El primer mandatario provincial emiti\u00f3 un mensaje desde Casa de Gobierno, en el que reconoci\u00f3 el triunfo del candidato de Juntos por el Cambio. \u201cQuiero agradecer al pueblo del Chaco porque me ha dado la posibilidad de servirle todos estos a\u00f1os\u201d, dijo e hizo extensivo el agradecimiento a los funcionarios, intendentes, a familiares y a la militancia \u201cpor el trabajo incansable\u201d.<\/p>\n<p>Pasadas las 21 de este domingo, el jefe del Ejecutivo provincial, Jorge Capitanich, emiti\u00f3 un mensaje desde Casa de Gobierno en el que confirm\u00f3 que \u201cllam\u00f3 a Leandro Zdero en su car\u00e1cter de gobernador electo por decisi\u00f3n del pueblo del Chaco\u201d y asegur\u00f3 que tendr\u00e1 \u201ctodo el acompa\u00f1amiento para la etapa que se inicia\u201d.<br \/>\nJunto a su compa\u00f1era de f\u00f3rmula, Anal\u00eda Rach Quiroga, y los integrantes de la lista  de candidatos a legisladores del Frente Chaque\u00f1o, el mandatario asegur\u00f3 que comienza el camino hacia una \u201ctransici\u00f3n ordenada\u201d como corresponde \u201cen instituciones democr\u00e1ticas\u201d.<br \/>\n\u201cEsto no es un feudo es un Estado democr\u00e1tico, en un sistema republicano y representativo de Gobierno en donde, efectivamente, se respetan los derechos y la voluntad popular\u201d, sentenci\u00f3.<br \/>\nCapitanich expres\u00f3 su \u201calegr\u00eda y benepl\u00e1cito\u201d por haber podido \u201crepresentar al pueblo de la provincia del Chaco\u201d, que lo eligi\u00f3 en tres oportunidades como gobernador y tambi\u00e9n al pueblo de la ciudad de Resistencia, como intendente municipal. \u201cQuiero agradecer a todo nuestro equipo de Gobierno, y a todos los funcionarios que me han acompa\u00f1ado: se inicia, a partir del d\u00eda de ma\u00f1ana una transici\u00f3n ordenada como corresponde, nosotros vamos a poner todo nuestro equipo de funcionarios para que as\u00ed suceda\u201d, asegur\u00f3.<br \/>\nEl actual gobernador agradeci\u00f3 \u201cmuy especialmente\u201d a los funcionarios, a los legisladores provinciales, a los legisladores nacionales, a los intendentes y a los concejales por el respaldo; y \u201ca la militancia que trabaj\u00f3 sin cesar, con lluvia, con calor, con fr\u00edo y con calor: han hecho una demostraci\u00f3n y un acto de amor extraordinario\u201d, advirti\u00f3.<\/p>\n<p>Basta de injurias<br \/>\nEn el plano personal, Capitanich honr\u00f3 la memoria de su madre y agradeci\u00f3 el acompa\u00f1amiento de su familia, desde su padre de 93 a\u00f1os, hastas sus hijas.<br \/>\n\u201cTodos los que llevan mi apellido han tenido que enfrentar injusticias, injurias, calumnias y persecuciones de distinta naturaleza\u201d, record\u00f3 y a\u00f1adi\u00f3: \u201chan dicho improperios de cualquier naturaleza, y uno se la tiene que bancar a uno, pero no se la tiene que bancar a la familia\u201d. \u201cYo creo en el perd\u00f3n, creo en la misericordia bondadosa del Se\u00f1or y espero que se terminen las injurias, las calumnias, las diatribas, pero espero que terminen ac\u00e1, porque ya hicieron de m\u00ed hilachas de ser humano\u201d, asever\u00f3.<\/p>\n<p>Escenarios futuros<br \/>\nDe cara al futuro, Capitanich avizor\u00f3 que se vienen, para el Chaco, distintos \u201cconforme a quien efectivamente sea elegido presidente de la Rep\u00fablica\u201d. \u201cPero dejamos f\u00e1bricas en progreso, desde una f\u00e1brica de pelotas, hasta f\u00e1bricas textiles, industrias frigor\u00edficas y un plan energ\u00e9tico extraordinario: Ojal\u00e1 Dios quiera que todos los planes que dejamos y que todas las industrias que fuimos capaces de proyectar puedan redundar en frutos para generar trabajo en nuestro pueblo\u201d.<br \/>\nPara cerrar, el gobernador asegur\u00f3 que \u201cen m\u00ed solamente hay amor y el amor siempre vence el odio: tenemos un coraz\u00f3n generoso para seguir construyendo la provincia que nos merecemos\u201d. \u201cFeliz d\u00eda de la democracia y que hoy 17 de septiembre, se inicie el camino hacia una transici\u00f3n democr\u00e1tica que nos permita, a partir del 10 de diciembre, continuar los deseos de progreso y de desarrollo de nuestra provincia\u201d.\n<\/p><\/div>\n","protected":false},"excerpt":{"rendered":"<p>El primer mandatario provincial emiti\u00f3 un mensaje desde Casa de Gobierno, en el que reconoci\u00f3 el triunfo del candidato de Juntos por el Cambio. \u201cQuiero agradecer al pueblo del Chaco porque me ha dado la posibilidad de servirle todos estos a\u00f1os\u201d, dijo e hizo extensivo el agradecimiento a los funcionarios, intendentes, a familiares y a [&hellip;]<\/p>\n","protected":false},"author":1,"featured_media":27008,"comment_status":"closed","ping_status":"closed","sticky":false,"template":"","format":"standard","meta":{"footnotes":""},"categories":[6],"tags":[197],"class_list":{"0":"post-27007","1":"post","2":"type-post","3":"status-publish","4":"format-standard","5":"has-post-thumbnail","7":"category-chaco","8":"tag-destacada"},"_links":{"self":[{"href":"https:\/\/chacosintesis.com.ar\/index.php\/wp-json\/wp\/v2\/posts\/27007","targetHints":{"allow":["GET"]}}],"collection":[{"href":"https:\/\/chacosintesis.com.ar\/index.php\/wp-json\/wp\/v2\/posts"}],"about":[{"href":"https:\/\/chacosintesis.com.ar\/index.php\/wp-json\/wp\/v2\/types\/post"}],"author":[{"embeddable":true,"href":"https:\/\/chacosintesis.com.ar\/index.php\/wp-json\/wp\/v2\/users\/1"}],"replies":[{"embeddable":true,"href":"https:\/\/chacosintesis.com.ar\/index.php\/wp-json\/wp\/v2\/comments?post=27007"}],"version-history":[{"count":0,"href":"https:\/\/chacosintesis.com.ar\/index.php\/wp-json\/wp\/v2\/posts\/27007\/revisions"}],"wp:featuredmedia":[{"embeddable":true,"href":"https:\/\/chacosintesis.com.ar\/index.php\/wp-json\/wp\/v2\/media\/27008"}],"wp:attachment":[{"href":"https:\/\/chacosintesis.com.ar\/index.php\/wp-json\/wp\/v2\/media?parent=27007"}],"wp:term":[{"taxonomy":"category","embeddable":true,"href":"https:\/\/chacosintesis.com.ar\/index.php\/wp-json\/wp\/v2\/categories?post=27007"},{"taxonomy":"post_tag","embeddable":true,"href":"https:\/\/chacosintesis.com.ar\/index.php\/wp-json\/wp\/v2\/tags?post=27007"}],"curies":[{"name":"wp","href":"https:\/\/api.w.org\/{rel}","templated":true}]}}