{"id":27005,"date":"2023-09-17T13:00:04","date_gmt":"2023-09-17T16:00:04","guid":{"rendered":"https:\/\/chacosintesis.com.ar\/?p=27005"},"modified":"2023-09-17T13:06:51","modified_gmt":"2023-09-17T16:06:51","slug":"por-las-elecciones-no-habra-clases-en-el-turno-manana-y-en-las-escuelas-de-jornada-completa","status":"publish","type":"post","link":"https:\/\/chacosintesis.com.ar\/index.php\/por-las-elecciones-no-habra-clases-en-el-turno-manana-y-en-las-escuelas-de-jornada-completa\/","title":{"rendered":"Por las elecciones, no habr\u00e1 clases en el turno ma\u00f1ana y en las escuelas de jornada completa"},"content":{"rendered":"<div class=\"postie-post\">Son 374 establecimientos de la provincia. La suspensi\u00f3n de clases tiene que ver con el trabajo que implica dejar en condiciones cada edificio despu\u00e9s de las elecciones.<\/p>\n<p>Unas 374 escuelas de la provincia est\u00e1n afectadas a las elecciones generales del Chaco 2023, en donde el pueblo elegir\u00e1 gobernador, vice, diputados provinciales e intendentes y concejales de 67 localidades. Por las elecciones, est\u00e1s instituciones educativas no tendr\u00e1n clases en el turno ma\u00f1ana, pero s\u00ed habr\u00e1 clases en el turno tarde. Las escuelas de jornada completa no tendr\u00e1n clases el lunes.<br \/>\nEsta informaci\u00f3n la brind\u00f3 el Ministerio de Educaci\u00f3n a trav\u00e9s de la Direcci\u00f3n General de Gesti\u00f3n Educativa. Enrique Soto, responsable de esta direcci\u00f3n, explic\u00f3 a Chaco TV que \u201cen un operativo en conjunto con la Justicia Electoral de la provincia certificamos que las escuelas elegidas para la votaci\u00f3n est\u00e9n en condiciones, cuenten con todos los servicios para que las elecciones se desarrollen con normalidad\u201d.<br \/>\nSoto coment\u00f3 que tras el acto eleccionario, cada establecimiento educativo tendr\u00e1 que ser nuevamente aseado y ordenado, por lo que las clases del turno ma\u00f1ana quedan suspendidas. En los establecimientos donde haya turno tarde, las clases ser\u00e1n normalmente este lunes.<br \/>\nCabe destacar que, al igual que en elecciones anteriores, el Ministerio de Educaci\u00f3n tramit\u00f3 una bonificaci\u00f3n especial para el personal de servicio de las escuelas afectadas, as\u00ed como tambi\u00e9n para personal becado que depende de la cartera (ex beca 311) para que cumplan una guardia permanente en las escuelas durante los comicios, a los efectos de garantizar la higiene y limpieza de cada establecimiento.<\/p><\/div>\n","protected":false},"excerpt":{"rendered":"<p>Son 374 establecimientos de la provincia. La suspensi\u00f3n de clases tiene que ver con el trabajo que implica dejar en condiciones cada edificio despu\u00e9s de las elecciones. Unas 374 escuelas de la provincia est\u00e1n afectadas a las elecciones generales del Chaco 2023, en donde el pueblo elegir\u00e1 gobernador, vice, diputados provinciales e intendentes y concejales [&hellip;]<\/p>\n","protected":false},"author":1,"featured_media":27006,"comment_status":"closed","ping_status":"closed","sticky":false,"template":"","format":"standard","meta":{"footnotes":""},"categories":[6],"tags":[],"class_list":{"0":"post-27005","1":"post","2":"type-post","3":"status-publish","4":"format-standard","5":"has-post-thumbnail","7":"category-chaco"},"_links":{"self":[{"href":"https:\/\/chacosintesis.com.ar\/index.php\/wp-json\/wp\/v2\/posts\/27005","targetHints":{"allow":["GET"]}}],"collection":[{"href":"https:\/\/chacosintesis.com.ar\/index.php\/wp-json\/wp\/v2\/posts"}],"about":[{"href":"https:\/\/chacosintesis.com.ar\/index.php\/wp-json\/wp\/v2\/types\/post"}],"author":[{"embeddable":true,"href":"https:\/\/chacosintesis.com.ar\/index.php\/wp-json\/wp\/v2\/users\/1"}],"replies":[{"embeddable":true,"href":"https:\/\/chacosintesis.com.ar\/index.php\/wp-json\/wp\/v2\/comments?post=27005"}],"version-history":[{"count":0,"href":"https:\/\/chacosintesis.com.ar\/index.php\/wp-json\/wp\/v2\/posts\/27005\/revisions"}],"wp:featuredmedia":[{"embeddable":true,"href":"https:\/\/chacosintesis.com.ar\/index.php\/wp-json\/wp\/v2\/media\/27006"}],"wp:attachment":[{"href":"https:\/\/chacosintesis.com.ar\/index.php\/wp-json\/wp\/v2\/media?parent=27005"}],"wp:term":[{"taxonomy":"category","embeddable":true,"href":"https:\/\/chacosintesis.com.ar\/index.php\/wp-json\/wp\/v2\/categories?post=27005"},{"taxonomy":"post_tag","embeddable":true,"href":"https:\/\/chacosintesis.com.ar\/index.php\/wp-json\/wp\/v2\/tags?post=27005"}],"curies":[{"name":"wp","href":"https:\/\/api.w.org\/{rel}","templated":true}]}}