{"id":27003,"date":"2023-09-17T12:40:01","date_gmt":"2023-09-17T15:40:01","guid":{"rendered":"https:\/\/chacosintesis.com.ar\/?p=27003"},"modified":"2023-09-17T13:06:46","modified_gmt":"2023-09-17T16:06:46","slug":"zdero-es-un-dia-historico-para-los-chaquenos","status":"publish","type":"post","link":"https:\/\/chacosintesis.com.ar\/index.php\/zdero-es-un-dia-historico-para-los-chaquenos\/","title":{"rendered":"Zdero: &#8220;Es un d\u00eda hist\u00f3rico para los chaque\u00f1os&#8221;"},"content":{"rendered":"<div class=\"postie-post\">Leandro Zdero, candidato a Gobernador de Juntos por el Cambio, vot\u00f3 este domingo en la Escuela Primaria 336 &#8220;Enrique Banchs&#8221; de la ciudad de Resistencia. \u201cMuy contento de votar en esta jornada, es un momento hist\u00f3rico para los chaque\u00f1os y es el momento que la democracia nos da, con la posibilidad de elegir ante el gran trabajo que hemos hecho a lo largo y a lo ancho de la provincia durante este tiempo, porque lo hicimos de manera austera y tomando contacto con cada chaque\u00f1o\u201d.<br \/>\nSobre sus expectativas para esta jornada, Zdero agreg\u00f3: \u201cEsperaremos los resultados y que los chaque\u00f1os vayan a las urnas, se expresen y desde all\u00ed haya den un grito de libertad y de esperanza. Esta es la herramienta que nos da la democracia, y es el arma m\u00e1s poderosa que tenemos los ciudadanos\u201d.<br \/>\nPor \u00faltimo, Zdero expres\u00f3: \u201cHoy los chaque\u00f1os tenemos esa gran oportunidad de dar vuelta la p\u00e1gina, vamos a continuar durante la jornada, monitoreando las escuelas, recorriendo las del \u00e1rea metropolitana y en contacto con todas las localidades. Hay un fin de ciclo, y tenemos la esperanza de cambiar estos 16 a\u00f1os de desidia por un Chaco de oportunidades y de futuro\u201d.<\/div>\n","protected":false},"excerpt":{"rendered":"<p>Leandro Zdero, candidato a Gobernador de Juntos por el Cambio, vot\u00f3 este domingo en la Escuela Primaria 336 &#8220;Enrique Banchs&#8221; de la ciudad de Resistencia. \u201cMuy contento de votar en esta jornada, es un momento hist\u00f3rico para los chaque\u00f1os y es el momento que la democracia nos da, con la posibilidad de elegir ante el [&hellip;]<\/p>\n","protected":false},"author":1,"featured_media":27004,"comment_status":"closed","ping_status":"closed","sticky":false,"template":"","format":"standard","meta":{"footnotes":""},"categories":[6],"tags":[],"class_list":{"0":"post-27003","1":"post","2":"type-post","3":"status-publish","4":"format-standard","5":"has-post-thumbnail","7":"category-chaco"},"_links":{"self":[{"href":"https:\/\/chacosintesis.com.ar\/index.php\/wp-json\/wp\/v2\/posts\/27003","targetHints":{"allow":["GET"]}}],"collection":[{"href":"https:\/\/chacosintesis.com.ar\/index.php\/wp-json\/wp\/v2\/posts"}],"about":[{"href":"https:\/\/chacosintesis.com.ar\/index.php\/wp-json\/wp\/v2\/types\/post"}],"author":[{"embeddable":true,"href":"https:\/\/chacosintesis.com.ar\/index.php\/wp-json\/wp\/v2\/users\/1"}],"replies":[{"embeddable":true,"href":"https:\/\/chacosintesis.com.ar\/index.php\/wp-json\/wp\/v2\/comments?post=27003"}],"version-history":[{"count":0,"href":"https:\/\/chacosintesis.com.ar\/index.php\/wp-json\/wp\/v2\/posts\/27003\/revisions"}],"wp:featuredmedia":[{"embeddable":true,"href":"https:\/\/chacosintesis.com.ar\/index.php\/wp-json\/wp\/v2\/media\/27004"}],"wp:attachment":[{"href":"https:\/\/chacosintesis.com.ar\/index.php\/wp-json\/wp\/v2\/media?parent=27003"}],"wp:term":[{"taxonomy":"category","embeddable":true,"href":"https:\/\/chacosintesis.com.ar\/index.php\/wp-json\/wp\/v2\/categories?post=27003"},{"taxonomy":"post_tag","embeddable":true,"href":"https:\/\/chacosintesis.com.ar\/index.php\/wp-json\/wp\/v2\/tags?post=27003"}],"curies":[{"name":"wp","href":"https:\/\/api.w.org\/{rel}","templated":true}]}}