{"id":26998,"date":"2023-09-17T08:46:47","date_gmt":"2023-09-17T11:46:47","guid":{"rendered":"https:\/\/chacosintesis.com.ar\/?p=26998"},"modified":"2023-09-17T09:07:02","modified_gmt":"2023-09-17T12:07:02","slug":"capitanich-es-un-dia-de-alegria-y-esperanza-en-donde-el-pueblo-chaqueno-se-va-a-expedir-por-el-trabajo-y-los-trabajadores","status":"publish","type":"post","link":"https:\/\/chacosintesis.com.ar\/index.php\/capitanich-es-un-dia-de-alegria-y-esperanza-en-donde-el-pueblo-chaqueno-se-va-a-expedir-por-el-trabajo-y-los-trabajadores\/","title":{"rendered":"Capitanich: \u201cEs un d\u00eda de alegr\u00eda y esperanza, en donde el pueblo chaque\u00f1o se va a expedir por el trabajo y los trabajadores\u201d"},"content":{"rendered":"<div class=\"postie-post\">El candidato a la reelecci\u00f3n en el ejecutivo provincial, vot\u00f3 pasadas las 8 de la ma\u00f1ana en la escuela N\u00b0 41 de Resistencia.<\/p>\n<p>El gobernador de la provincia del Chaco, Jorge Capitanich, fue el primero en votar en su mesa de la escuela Maestro Ricardo A.Ivancovich N\u00b0 41, ubicada en Ayacucho 137 de la ciudad de Resistencia.<br \/>\nEl primer mandatario provincial y candidato a la reelecci\u00f3n, agradeci\u00f3 a toda la comunidad del Chaco y detall\u00f3 que hoy cerca de un mill\u00f3n de votantes podr\u00e1n ejercer su derecho en 366 establecimientos educativos y 3.000 mesas.<br \/>\nCapitanich dijo que son 70 los municipios en condiciones de votar y que espera una buena jornada democr\u00e1tica con el \u201csol espl\u00e9ndido\u201d y el tiempo que acompa\u00f1a.<br \/>\n\u201cEstamos muy expectantes, es un d\u00eda de alegr\u00eda y esperanza, en donde el pueblo chaque\u00f1o se va a expedir por el trabajo y los trabajadores\u201d, dijo el candidato a la reelecci\u00f3n y a\u00f1adi\u00f3 \u201cmi expectativa es que tengamos un fuerte acompa\u00f1amiento del electorado\u201d.<br \/>\nAdem\u00e1s, adelant\u00f3 que se espera un porcentaje de participaci\u00f3n superior al de las PASO provinciales: \u201csi tomamos el promedio de las \u00faltimas cinco elecciones provinciales, estamos siempre entre 73% a 75%\u201d. A la vez que destac\u00f3 que \u201cel recuento puede ser muy r\u00e1pido, de manera que podamos tener una evaluaci\u00f3n de los resultados lo antes posible\u201d.<br \/>\nCapitanich manifest\u00f3: \u201ccomo gobernador de la provincia hemos dispuesto que haya m\u00e1s de 4 mil agentes con el objeto de garantizar efectivamente el derecho de la ciudadan\u00eda\u201d. En este sentido, adelant\u00f3 que al ser siete las listas que se presentan, \u201cel recuento puede ser muy r\u00e1pido\u201d y que los primeros resultados podr\u00edan estar cerca de las 22 o 22.30.<br \/>\n\u201cLa provincia del Chaco, por constituci\u00f3n provincial, tiene un Tribunal Electoral, que lo preside un miembro del Superior Tribunal de Justicia. En consecuencia, tenemos la plena autonom\u00eda y la transparencia para los actos eleccionarios\u201d, dijo el gobernador del Chaco.<\/p>\n<p> Jornada electoral para el candidato a gobernador del Frente Chaque\u00f1o<\/p>\n<p> El gobernador del Chaco, coment\u00f3 que el resto de la jornada electoral se abocar\u00e1 a la supervisi\u00f3n y fiscalizaci\u00f3n del acto e invit\u00f3 a la ciudadan\u00eda a concurrir a las urnas ya que asegur\u00f3 que est\u00e1n todas las garant\u00edas constitucionales para ello.<br \/>\n\u201cVoy a trabajar para asegurar que toda la log\u00edstica electoral de nuestro espacio est\u00e9 garantizada\u201d, dijo y agreg\u00f3 que desde su punto de vista \u201chemos hecho una muy buena gesti\u00f3n, con muy buenos indicadores y hemos resuelto muchos problemas y tenemos la confianza de seguir haci\u00e9ndolo\u201d.<br \/>\nEn este sentido, destac\u00f3 las 170 reuniones de cercan\u00eda y proximidad que tuvo, \u201ccon el objeto de constituir una agenda com\u00fan con los vecinos y vecinas\u201d.  \u201cLo nuestro es parte de un escenario de trabajo permanente con la ciudadan\u00eda\u201d, expres\u00f3.<br \/>\nCapitanich concluy\u00f3 diciendo que el voto \u201ces la mejor garant\u00eda para la democracia argentina\u201d.<\/p><\/div>\n","protected":false},"excerpt":{"rendered":"<p>El candidato a la reelecci\u00f3n en el ejecutivo provincial, vot\u00f3 pasadas las 8 de la ma\u00f1ana en la escuela N\u00b0 41 de Resistencia. El gobernador de la provincia del Chaco, Jorge Capitanich, fue el primero en votar en su mesa de la escuela Maestro Ricardo A.Ivancovich N\u00b0 41, ubicada en Ayacucho 137 de la ciudad [&hellip;]<\/p>\n","protected":false},"author":1,"featured_media":26999,"comment_status":"closed","ping_status":"closed","sticky":false,"template":"","format":"standard","meta":{"footnotes":""},"categories":[6],"tags":[],"class_list":{"0":"post-26998","1":"post","2":"type-post","3":"status-publish","4":"format-standard","5":"has-post-thumbnail","7":"category-chaco"},"_links":{"self":[{"href":"https:\/\/chacosintesis.com.ar\/index.php\/wp-json\/wp\/v2\/posts\/26998","targetHints":{"allow":["GET"]}}],"collection":[{"href":"https:\/\/chacosintesis.com.ar\/index.php\/wp-json\/wp\/v2\/posts"}],"about":[{"href":"https:\/\/chacosintesis.com.ar\/index.php\/wp-json\/wp\/v2\/types\/post"}],"author":[{"embeddable":true,"href":"https:\/\/chacosintesis.com.ar\/index.php\/wp-json\/wp\/v2\/users\/1"}],"replies":[{"embeddable":true,"href":"https:\/\/chacosintesis.com.ar\/index.php\/wp-json\/wp\/v2\/comments?post=26998"}],"version-history":[{"count":0,"href":"https:\/\/chacosintesis.com.ar\/index.php\/wp-json\/wp\/v2\/posts\/26998\/revisions"}],"wp:featuredmedia":[{"embeddable":true,"href":"https:\/\/chacosintesis.com.ar\/index.php\/wp-json\/wp\/v2\/media\/26999"}],"wp:attachment":[{"href":"https:\/\/chacosintesis.com.ar\/index.php\/wp-json\/wp\/v2\/media?parent=26998"}],"wp:term":[{"taxonomy":"category","embeddable":true,"href":"https:\/\/chacosintesis.com.ar\/index.php\/wp-json\/wp\/v2\/categories?post=26998"},{"taxonomy":"post_tag","embeddable":true,"href":"https:\/\/chacosintesis.com.ar\/index.php\/wp-json\/wp\/v2\/tags?post=26998"}],"curies":[{"name":"wp","href":"https:\/\/api.w.org\/{rel}","templated":true}]}}