{"id":26996,"date":"2023-09-17T08:45:03","date_gmt":"2023-09-17T11:45:03","guid":{"rendered":"https:\/\/chacosintesis.com.ar\/?p=26996"},"modified":"2023-09-17T09:06:55","modified_gmt":"2023-09-17T12:06:55","slug":"comenzo-una-nueva-jornada-electoral-casi-un-millon-de-chaquenos-eligen-gobernador-diputados-e-intendentes","status":"publish","type":"post","link":"https:\/\/chacosintesis.com.ar\/index.php\/comenzo-una-nueva-jornada-electoral-casi-un-millon-de-chaquenos-eligen-gobernador-diputados-e-intendentes\/","title":{"rendered":"Comenz\u00f3 una nueva jornada electoral: casi un mill\u00f3n de chaque\u00f1os eligen gobernador, diputados e intendentes"},"content":{"rendered":"<div class=\"postie-post\">En Resistencia, Quitilipi y Makall\u00e9 no se elige intendentes. Hay expectativas de que los comicios, que son observados de cerca por los candidatos a presidentes, terminen con resultados peleados. Todo lo que ten\u00e9s que saber de este d\u00eda hist\u00f3rico.<\/p>\n<p>Inici\u00f3 la jornada electoral en la provincia con la apertura de las primeras mesas. Hoy 998.377 chaque\u00f1os elegir\u00e1n gobernador, diputados provinciales (se renuevan 16 bancas) e intendentes en 66 municipios, a excepci\u00f3n de Resistencia, Quitilipi y Makall\u00e9 que desdoblaron sus comicios al 5 de noviembre.<\/p>\n<p>Los resultados de estas elecciones son mirados de cerca en el \u00e1mbito nacional, sobre todo por Patricia Bullrich (Juntos por el Cambio) y por Sergio Massa (Uni\u00f3n por la Patria, y hay expectativas de n\u00fameros re\u00f1idos y hasta de un posible balotaje, el segundo en la historia de la provincia.<br \/>\nJorge Capitanich del Frente Chaque\u00f1a busca su reelecci\u00f3n y cuarto mandato, Leandro Zdero de Juntos por el Cambio aspira a que el radicalismo vuelva a conducir los destinos de la provincia tras 16 a\u00f1os de hegemon\u00eda peronista. Gustavo Mart\u00ednez (Frente CER) pretende consolidarse como una alternativa e incluso llegar a una posible segunda vuelta. Tambi\u00e9n Alfredo &#8220;Capi&#8221; Rodr\u00edguez, de la Libertad Avanza, manifest\u00f3 su deseo de lograr que el &#8220;efecto Milei&#8221; le d\u00e9 a su candidatura un empuj\u00f3n.<\/p>\n<p>Las otras listas que compiten son el Frente Integrador que postula a Juan Carlos Bacileff Ivanoff, Partido Obrero con Germ\u00e1n B\u00e1ez a la cabeza y Libertarios en Acci\u00f3n que postula a Rub\u00e9n Galassi.<br \/>\nLa provincia viene de dos primarias: las provinciales y las nacionales, en ambas elecciones el n\u00famero de ausentismo fue alarmante ya que en promedio la participaci\u00f3n apenas super\u00f3 el 63% del padr\u00f3n electoral. Tambi\u00e9n los votos en blanco terminaron siendo otro de los n\u00fameros destacados, posicion\u00e1ndose como tercera elecci\u00f3n de los chaque\u00f1os.<br \/>\nDATOS A TENER EN CUENTA<br \/>\nSon aproximadamente 4.600 polic\u00edas en el marco de la seguridad preventiva y la custodia tanto de urnas como del nodo log\u00edstico, del Tribunal Electoral y de la empresa de correos que ser\u00e1 la encargada de la distribuci\u00f3n de las urnas. Adem\u00e1s de contar con presencia policial en todos los centros de votaci\u00f3n.<br \/>\nSobre el horario estimado de los primeros resultados provisorios, desde el Ejecutivo comunicaron que &#8220;teniendo en cuenta que tan solo hay siete listas, seguramente el escrutinio provisorio que se desarrolla dentro de los establecimientos educativos ser\u00e1 mucho m\u00e1s \u00e1gil y mucho m\u00e1s sencillo. As\u00ed que esperemos tener los datos provisorios con una tendencia lo antes posible, pero hoy es imposible adivinar un horario&#8221;.<br \/>\nEl Ministerio de Educaci\u00f3n, a trav\u00e9s de la Direcci\u00f3n General de Gesti\u00f3n Educativa, dispuso que 374 establecimientos educativos de toda la provincia est\u00e9n afectados a las elecciones provinciales.<br \/>\nANTECEDENTE RECIENTE: LAS PASO DE JUNIO<br \/>\nPese a que Jorge Capitanich fue el candidato m\u00e1s votado, el Frente Chaque\u00f1o perdi\u00f3 por poco m\u00e1s de 5,11 puntos frente a Juntos por el Cambio que lidera Leandro Zdero. El Frente CER, que impulsa a Gustavo Mart\u00ednez, se posicion\u00f3 como tercera fuerza con el 8,86% de los sufragios.<br \/>\n Tras ese golpe, el oficialismo se entusiasm\u00f3 con el resultado de las PASO nacionales en las que Uni\u00f3n por la Patria fue una de las fuerzas m\u00e1s elegidas, mientras que Juntos por el Cambio se qued\u00f3 en el tercer puesto.<br \/>\nSiguiendo con el antecedente de las PASO, si los resultados se mantuviesen en Chaco habr\u00eda segunda vuelta, a desarrollarse el 8 de octubre. Cabe recordar que, seg\u00fan lo establece la Constituci\u00f3n provincial, el balotaje se har\u00e1 entre las dos f\u00f3rmulas de candidatos m\u00e1s votadas. \u00bfEn qu\u00e9 caso? Si la f\u00f3rmula m\u00e1s votada no supera el 45% de los votos y no se existiera una diferencia igual o menor a diez puntos porcentuales respecto del total de los votos afirmativos v\u00e1lidamente emitidos.<br \/>\n DIARIO CHACO.-<\/p>\n<\/div>\n","protected":false},"excerpt":{"rendered":"<p>En Resistencia, Quitilipi y Makall\u00e9 no se elige intendentes. Hay expectativas de que los comicios, que son observados de cerca por los candidatos a presidentes, terminen con resultados peleados. Todo lo que ten\u00e9s que saber de este d\u00eda hist\u00f3rico. Inici\u00f3 la jornada electoral en la provincia con la apertura de las primeras mesas. Hoy 998.377 [&hellip;]<\/p>\n","protected":false},"author":1,"featured_media":26997,"comment_status":"closed","ping_status":"closed","sticky":false,"template":"","format":"standard","meta":{"footnotes":""},"categories":[6],"tags":[197],"class_list":{"0":"post-26996","1":"post","2":"type-post","3":"status-publish","4":"format-standard","5":"has-post-thumbnail","7":"category-chaco","8":"tag-destacada"},"_links":{"self":[{"href":"https:\/\/chacosintesis.com.ar\/index.php\/wp-json\/wp\/v2\/posts\/26996","targetHints":{"allow":["GET"]}}],"collection":[{"href":"https:\/\/chacosintesis.com.ar\/index.php\/wp-json\/wp\/v2\/posts"}],"about":[{"href":"https:\/\/chacosintesis.com.ar\/index.php\/wp-json\/wp\/v2\/types\/post"}],"author":[{"embeddable":true,"href":"https:\/\/chacosintesis.com.ar\/index.php\/wp-json\/wp\/v2\/users\/1"}],"replies":[{"embeddable":true,"href":"https:\/\/chacosintesis.com.ar\/index.php\/wp-json\/wp\/v2\/comments?post=26996"}],"version-history":[{"count":0,"href":"https:\/\/chacosintesis.com.ar\/index.php\/wp-json\/wp\/v2\/posts\/26996\/revisions"}],"wp:featuredmedia":[{"embeddable":true,"href":"https:\/\/chacosintesis.com.ar\/index.php\/wp-json\/wp\/v2\/media\/26997"}],"wp:attachment":[{"href":"https:\/\/chacosintesis.com.ar\/index.php\/wp-json\/wp\/v2\/media?parent=26996"}],"wp:term":[{"taxonomy":"category","embeddable":true,"href":"https:\/\/chacosintesis.com.ar\/index.php\/wp-json\/wp\/v2\/categories?post=26996"},{"taxonomy":"post_tag","embeddable":true,"href":"https:\/\/chacosintesis.com.ar\/index.php\/wp-json\/wp\/v2\/tags?post=26996"}],"curies":[{"name":"wp","href":"https:\/\/api.w.org\/{rel}","templated":true}]}}