{"id":26988,"date":"2023-09-15T19:11:41","date_gmt":"2023-09-15T22:11:41","guid":{"rendered":"https:\/\/chacosintesis.com.ar\/?p=26988"},"modified":"2023-09-15T19:37:57","modified_gmt":"2023-09-15T22:37:57","slug":"caso-cecilia-aclaraciones-de-la-justicia-federal-sobre-elecciones-paso","status":"publish","type":"post","link":"https:\/\/chacosintesis.com.ar\/index.php\/caso-cecilia-aclaraciones-de-la-justicia-federal-sobre-elecciones-paso\/","title":{"rendered":"Caso Cecilia: aclaraciones de la justicia federal sobre elecciones PASO"},"content":{"rendered":"<div class=\"postie-post\">La jueza Zunilda Niremperger explic\u00f3 en detalle el caso particular ocurrido el 13 de agosto pasado y sentenci\u00f3 que Cecilia aparece en el padr\u00f3n de la Mesa \u201cpero no para votar, sino quitado el troquel y puesto un sello de anulado\u201d. A su vez, las fuerzas de seguridad provincial aseguraron que los siete detenidos no votaron el 18 de junio ni votar\u00e1n el 17 de septiembre.<br \/>\nEl Juzgado Federal con Competencia Electoral, a  cargo de la doctora Zunilda Niremperger, valor\u00f3 el inter\u00e9s de los medios de comunicaci\u00f3n en difundir noticias importantes a la ciudadan\u00eda y aclar\u00f3 que en las elecciones PASO del 13 de agosto pasado, Cecilia Strzyzowski \u201caparece en el padr\u00f3n de la Mesa pero no para votar, sino quitado el troquel y puesto un sello de anulado\u201d. \u201cFigura en el padr\u00f3n porque no existe comunicaci\u00f3n del Registro Nacional de las Personas para que se pueda dar la baja como fallecida. Pero se ha quitado el troquel y se ha puesto sello de anulado; por lo tanto nadie podr\u00eda haber votado en su nombre\u201d, destac\u00f3 la magistrada.<br \/>\nPor otro lado, autoridades de las fuerzas de seguridad de la provincia del Chaco aseguraron que los siete detenidos por el supuesto femicidio \u201cno votaron en las PASO provinciales y tampoco lo har\u00e1n en las elecciones generales\u201d del pr\u00f3ximo 17 de septiembre.<br \/>\nPASO Nacionales<br \/>\nEn di\u00e1logo con la Agencia FOCO, Niremperger coment\u00f3 que cuando se realiza una consulta en el Registro de Infractores al deber de votar, aparece una leyenda al inicio que dice \u201cRECUERDE que la condici\u00f3n  de [NO INFRACTOR] no implica que el elector haya emitido su sufragio\u201d. A su vez y ante cualquier duda, convoc\u00f3 a la ciudadan\u00eda a concurrir al Juzgado Federal con Competencia Electoral de Chaco &#8211; Secretar\u00eda Electoral, cuyas \u201cpuertas est\u00e1n abiertas para exhibir los padrones originales de cada mesa de votaci\u00f3n, donde se podr\u00e1 constatar si una persona ha votado o no lo ha efectuado en la documentaci\u00f3n de la mesa\u201d.<br \/>\n\u201cCuando entras en la p\u00e1gina y se constatan los datos personales de un elector, el t\u00edtulo no infractor no significa que el titular de ese DNI o el ciudadano haya emitido su voto. El no infractor significa que no incumpli\u00f3 con la normativa, pero puede ser por varios motivos\u201d, ampli\u00f3 la jueza federal. Y especific\u00f3: \u201cEn el caso particular, lo que ocurri\u00f3 es que en el lugar que corresponde al nombre de Cecilia Strzyzowski, no estaba el troquel en el lugar de ella. O sea que directamente se lo quita antes del momento de la elecci\u00f3n\u201d.<br \/>\n\u201cElla aparece, pero no para votar, sino quitado el troquel y puesto un sello de anulado. \u00bfPor qu\u00e9? Porque s\u00f3lo se quita del padr\u00f3n a las personas que est\u00e9n fallecidas, cuya baja haya sido comunicada por el Registro Nacional de las Personas. No tenemos constancia de que ella est\u00e1 fallecida, sino que est\u00e1 desaparecida con presunci\u00f3n de fallecimiento hasta el d\u00eda de hoy; cuya constancia tampoco tenemos. No obstante, habiendo sido de conocimiento p\u00fablico tal situaci\u00f3n, lo que hicimos fue quitar el troquel correspondiente al lugar donde ella deb\u00eda votar y ponerle un sello de anulado, que es para aquellos votantes que -por ejemplo-, pertenecen a un padr\u00f3n pero tienen que votar en otros lugares como son las Fuerzas de Seguridad o el Comando Electoral\u201d, explic\u00f3 en detalle. Y concluy\u00f3: \u201cEntonces se pone anulado y se le quita el troquel, por lo tanto no puede votar nadie ah\u00ed\u201d.<br \/>\nM\u00e1s informaci\u00f3n: <a href=\"https:\/\/m.facebook.com\/story.php?story_fbid=pfbid0NS2nxK3NdrCYNDFctpVbj6oAjZ1DqY2EpqikbrXRGcQgMCgqypteUe5K6MaunE6xl&amp;id=100065940272037&amp;mibextid=Nif5oz\">m.facebook.com\/story.php?story_fbid=pfbid0NS2nxK3NdrCYNDFctpVbj6oAjZ1DqY2EpqikbrXRGcQgMCgqypteUe5K6MaunE6xl&amp;id=100065940272037&amp;mibextid=Nif5oz<\/a><br \/>\nLos detenidos no votan en las elecciones provinciales<br \/>\n\u201cLa Ley Electoral de la Provincia excluye a las personas privadas de su libertad de votar. Por lo tanto, los detenidos por el caso Strzyzowski no votaron en las PASO provinciales y tampoco lo har\u00e1n en las elecciones generales\u201d, explicaron este viernes autoridades de las fuerzas de seguridad provincial.<br \/>\nDe acuerdo con el art\u00edculo 3 de la Ley Electoral 834-Q, quedan excluidas del derecho al voto las personas privadas de su libertad, condenadas e imputadas. Entre ellas, tambi\u00e9n &#8220;los dementes declarados tales en juicio y aquellos que, aun cuando no lo hubieran sido, se encuentren recluidos en establecimientos p\u00fablicos&#8221;.<br \/>\nLa prohibici\u00f3n se extiende a \u201clos sordomudos que no sepan hacerse entender por escrito; los detenidos por orden de juez competente mientras no recuperen su libertad; y los condenados por delitos dolosos a pena privativa de la libertad, y por sentencia ejecutoriada, por el t\u00e9rmino de la condena\u201d.<br \/>\nEn el caso de los detenidos por el caso Strzyzowski, la jefa del Servicio Penitenciario Provincial, Erika Maidana, confirm\u00f3 que C\u00e9sar Sena no votar\u00e1 en las elecciones generales provinciales y record\u00f3 que tampoco lo hizo en las PASO provinciales de junio pasado. Por otra parte, el jefe de prensa de la Polic\u00eda del Chaco, Alejandro Dom\u00ednguez, afirm\u00f3 que, tal como lo establece la Ley Electoral, los otros seis detenidos que se encuentran alojados en comisar\u00edas y aunque figuran en el padr\u00f3n provincial electoral ninguno de ellos acudi\u00f3 a votar en las PASO provinciales celebradas el 18 de junio y tampoco lo har\u00e1 en las elecciones generales de este domingo 17.<br \/>\n&lt;<a href=\"http:\/\/www.avg.com\/email-signature?utm_medium=email&amp;utm_source=link&amp;utm_campaign=sig-email&amp;utm_content=webmail\">www.avg.com\/email-signature?utm_medium=email&amp;utm_source=link&amp;utm_campaign=sig-email&amp;utm_content=webmail<\/a>&gt; Libre de virus.www.avg.com &lt;<a href=\"http:\/\/www.avg.com\/email-signature?utm_medium=email&amp;utm_source=link&amp;utm_campaign=sig-email&amp;utm_content=webmail\">www.avg.com\/email-signature?utm_medium=email&amp;utm_source=link&amp;utm_campaign=sig-email&amp;utm_content=webmail<\/a>&gt; <\/div>\n","protected":false},"excerpt":{"rendered":"<p>La jueza Zunilda Niremperger explic\u00f3 en detalle el caso particular ocurrido el 13 de agosto pasado y sentenci\u00f3 que Cecilia aparece en el padr\u00f3n de la Mesa \u201cpero no para votar, sino quitado el troquel y puesto un sello de anulado\u201d. A su vez, las fuerzas de seguridad provincial aseguraron que los siete detenidos no [&hellip;]<\/p>\n","protected":false},"author":1,"featured_media":26989,"comment_status":"closed","ping_status":"closed","sticky":false,"template":"","format":"standard","meta":{"footnotes":""},"categories":[6],"tags":[],"class_list":{"0":"post-26988","1":"post","2":"type-post","3":"status-publish","4":"format-standard","5":"has-post-thumbnail","7":"category-chaco"},"_links":{"self":[{"href":"https:\/\/chacosintesis.com.ar\/index.php\/wp-json\/wp\/v2\/posts\/26988","targetHints":{"allow":["GET"]}}],"collection":[{"href":"https:\/\/chacosintesis.com.ar\/index.php\/wp-json\/wp\/v2\/posts"}],"about":[{"href":"https:\/\/chacosintesis.com.ar\/index.php\/wp-json\/wp\/v2\/types\/post"}],"author":[{"embeddable":true,"href":"https:\/\/chacosintesis.com.ar\/index.php\/wp-json\/wp\/v2\/users\/1"}],"replies":[{"embeddable":true,"href":"https:\/\/chacosintesis.com.ar\/index.php\/wp-json\/wp\/v2\/comments?post=26988"}],"version-history":[{"count":0,"href":"https:\/\/chacosintesis.com.ar\/index.php\/wp-json\/wp\/v2\/posts\/26988\/revisions"}],"wp:featuredmedia":[{"embeddable":true,"href":"https:\/\/chacosintesis.com.ar\/index.php\/wp-json\/wp\/v2\/media\/26989"}],"wp:attachment":[{"href":"https:\/\/chacosintesis.com.ar\/index.php\/wp-json\/wp\/v2\/media?parent=26988"}],"wp:term":[{"taxonomy":"category","embeddable":true,"href":"https:\/\/chacosintesis.com.ar\/index.php\/wp-json\/wp\/v2\/categories?post=26988"},{"taxonomy":"post_tag","embeddable":true,"href":"https:\/\/chacosintesis.com.ar\/index.php\/wp-json\/wp\/v2\/tags?post=26988"}],"curies":[{"name":"wp","href":"https:\/\/api.w.org\/{rel}","templated":true}]}}