{"id":26986,"date":"2023-09-15T19:10:12","date_gmt":"2023-09-15T22:10:12","guid":{"rendered":"https:\/\/chacosintesis.com.ar\/?p=26986"},"modified":"2023-09-15T19:37:52","modified_gmt":"2023-09-15T22:37:52","slug":"emprendimiento-productivo-de-colonia-benitez-apuesta-al-desarrollo-de-la-agricultura-familiar","status":"publish","type":"post","link":"https:\/\/chacosintesis.com.ar\/index.php\/emprendimiento-productivo-de-colonia-benitez-apuesta-al-desarrollo-de-la-agricultura-familiar\/","title":{"rendered":"Emprendimiento productivo de Colonia Ben\u00edtez apuesta al desarrollo de la agricultura familiar"},"content":{"rendered":"<div class=\"postie-post\">Se trata de la finca \u201cT\u00edo Pirulo\u201d de la familia Racig que se dedica a la producci\u00f3n frutihort\u00edcola y cuenta con sistema de comercializaci\u00f3n directa. En los \u00faltimos a\u00f1os adquiri\u00f3 bienes de capital a trav\u00e9s de los programas de incentivo del Ministerio de Industria.<br \/>\nEn Colonia Ben\u00edtez, el gobernador Jorge Capitanich -junto al ministro de Producci\u00f3n, Industria y Empleo, Sebasti\u00e1n Lifton-, visit\u00f3 esta ma\u00f1ana la Finca \u201cT\u00edo Pirulo\u201d, de la familia Racig, que con acompa\u00f1amiento estatal se dedica a la producci\u00f3n frutihort\u00edcola. \u201cEste es el modelo de agricultura familiar que queremos replicar en la provincia; una familia entera que trabaja activamente generando rentabilidad y sostenibilidad desde el punto de vista productivo\u201d, subray\u00f3 el mandatario.<br \/>\nEl emprendimiento familiar, en una superficie de cinco hect\u00e1reas, desarrolla una gran diversidad de cultivos frutihort\u00edcolas, chacinados, huevos, verduras de hoja, frutillas, cultivos bajo cubierta, quesos y dulces artesanales. Cuenta con sistema de comercializaci\u00f3n directa desde la finca y a trav\u00e9s de la Cooperativa Frutihort\u00edcola de Resistencia. \u201cEstamos convencidos de que esta es una fuente extraordinaria para el desarrollo sostenible y aut\u00f3nomo de muchas familias rurales, favoreciendo el arraigo a la tierra y potenciando la capacidad de producir alimentos saludables a buen precio en beneficio de los consumidores\u201d, apunt\u00f3 el gobernador.<br \/>\nDestac\u00f3 la importancia del emprendimiento familiar que se vio beneficiado con m\u00faltiples obras ejecutadas por la provincia en la zona como los caminos rurales y electrificaci\u00f3n, entre otras. Adem\u00e1s, \u201cT\u00edo Pirulo\u201d fue beneficiado a trav\u00e9s de invernaderos y un sistema de riego para la producci\u00f3n de tomates y pimientos mediante el programa de inserci\u00f3n econ\u00f3mica de los productores familiares del Norte argentino (Procanor).<br \/>\nEl emprendimiento tambi\u00e9n recibi\u00f3 a trav\u00e9s de la cartera de Producci\u00f3n, un motocultivador para movimientos de suelo previo a la siembra y forma parte del Programa Frutillas que tambi\u00e9n lleva adelante el Gobierno provincial. De la recorrida particip\u00f3 tambi\u00e9n la subsecretaria de Agricultura, Flavia Francescutti, y el anfitri\u00f3n de la quinta Eduardo Racig. \u201cDesde el Ministerio venimos acompa\u00f1ando con distintas herramientas este tipo de iniciativas a fin de promover la agricultura familiar\u201d, dijo la funcionaria.<br \/>\nEn tanto que Eduardo Racig destac\u00f3 el acompa\u00f1amiento del Estado a trav\u00e9s de distintas herramientas. \u201cNos dan el incentivo que nos falta \u2013dijo- para seguir en este camino de la agricultura\u201d.<br \/>\n&lt;<a href=\"http:\/\/www.avg.com\/email-signature?utm_medium=email&amp;utm_source=link&amp;utm_campaign=sig-email&amp;utm_content=webmail\">www.avg.com\/email-signature?utm_medium=email&amp;utm_source=link&amp;utm_campaign=sig-email&amp;utm_content=webmail<\/a>&gt; Libre de virus.www.avg.com &lt;<a href=\"http:\/\/www.avg.com\/email-signature?utm_medium=email&amp;utm_source=link&amp;utm_campaign=sig-email&amp;utm_content=webmail\">www.avg.com\/email-signature?utm_medium=email&amp;utm_source=link&amp;utm_campaign=sig-email&amp;utm_content=webmail<\/a>&gt; <\/div>\n","protected":false},"excerpt":{"rendered":"<p>Se trata de la finca \u201cT\u00edo Pirulo\u201d de la familia Racig que se dedica a la producci\u00f3n frutihort\u00edcola y cuenta con sistema de comercializaci\u00f3n directa. En los \u00faltimos a\u00f1os adquiri\u00f3 bienes de capital a trav\u00e9s de los programas de incentivo del Ministerio de Industria. En Colonia Ben\u00edtez, el gobernador Jorge Capitanich -junto al ministro de [&hellip;]<\/p>\n","protected":false},"author":1,"featured_media":26987,"comment_status":"closed","ping_status":"closed","sticky":false,"template":"","format":"standard","meta":{"footnotes":""},"categories":[6],"tags":[],"class_list":{"0":"post-26986","1":"post","2":"type-post","3":"status-publish","4":"format-standard","5":"has-post-thumbnail","7":"category-chaco"},"_links":{"self":[{"href":"https:\/\/chacosintesis.com.ar\/index.php\/wp-json\/wp\/v2\/posts\/26986","targetHints":{"allow":["GET"]}}],"collection":[{"href":"https:\/\/chacosintesis.com.ar\/index.php\/wp-json\/wp\/v2\/posts"}],"about":[{"href":"https:\/\/chacosintesis.com.ar\/index.php\/wp-json\/wp\/v2\/types\/post"}],"author":[{"embeddable":true,"href":"https:\/\/chacosintesis.com.ar\/index.php\/wp-json\/wp\/v2\/users\/1"}],"replies":[{"embeddable":true,"href":"https:\/\/chacosintesis.com.ar\/index.php\/wp-json\/wp\/v2\/comments?post=26986"}],"version-history":[{"count":0,"href":"https:\/\/chacosintesis.com.ar\/index.php\/wp-json\/wp\/v2\/posts\/26986\/revisions"}],"wp:featuredmedia":[{"embeddable":true,"href":"https:\/\/chacosintesis.com.ar\/index.php\/wp-json\/wp\/v2\/media\/26987"}],"wp:attachment":[{"href":"https:\/\/chacosintesis.com.ar\/index.php\/wp-json\/wp\/v2\/media?parent=26986"}],"wp:term":[{"taxonomy":"category","embeddable":true,"href":"https:\/\/chacosintesis.com.ar\/index.php\/wp-json\/wp\/v2\/categories?post=26986"},{"taxonomy":"post_tag","embeddable":true,"href":"https:\/\/chacosintesis.com.ar\/index.php\/wp-json\/wp\/v2\/tags?post=26986"}],"curies":[{"name":"wp","href":"https:\/\/api.w.org\/{rel}","templated":true}]}}