{"id":26984,"date":"2023-09-15T19:09:21","date_gmt":"2023-09-15T22:09:21","guid":{"rendered":"https:\/\/chacosintesis.com.ar\/?p=26984"},"modified":"2023-09-15T19:37:46","modified_gmt":"2023-09-15T22:37:46","slug":"elecciones-provinciales-habra-cuartos-oscuros-accesibles-en-las-diferentes-escuelas","status":"publish","type":"post","link":"https:\/\/chacosintesis.com.ar\/index.php\/elecciones-provinciales-habra-cuartos-oscuros-accesibles-en-las-diferentes-escuelas\/","title":{"rendered":"Elecciones Provinciales: habr\u00e1 cuartos oscuros accesibles en las diferentes escuelas"},"content":{"rendered":"<div class=\"postie-post\">El presidente del IPRODICH explic\u00f3 el trabajo que se lleva a cabo para garantizar la participaci\u00f3n ciudadana de las personas con discapacidad el pr\u00f3ximo domingo. El presidente del Instituto Provincial para la Inclusi\u00f3n de las Personas con Discapacidad (IPRODICH), Jos\u00e9 Lorenzo dialog\u00f3 con Chaco TV acerca del trabajo que va a estar realizando el organismo para garantizar la participaci\u00f3n ciudadana de las personas con discapacidad en las elecciones del pr\u00f3ximo domingo 17 de septiembre. En este sentido, Lorenzo manifest\u00f3: \u201cEstuvimos recorriendo la provincia invitando a la participaci\u00f3n activa, explicando los procedimientos de sensibilidad electoral para que todos tengan la posibilidad de ejercer su derecho a votar\u201d. \u201cHay un inter\u00e9s por participar por parte del colectivo sumamente alto, lo que nos llama mucho la atenci\u00f3n\u201d, destac\u00f3 Lorenzo. \u201cLa intenci\u00f3n es informar a la ciudadan\u00eda\u201d, agreg\u00f3. En relaci\u00f3n a ello, el presidente del IPRODICH explic\u00f3 que \u201cen el proceso de accesibilidad las personas con discapacidad, as\u00ed como las personas con movilidad reducida, los adultos mayores, las personas embarazadas al momento de ejercer su voto tienen prioridad\u201d. \u201cEsto es muy importante para toda la ciudadan\u00eda, porque muchas veces hay filas importantes y gente que se molesta\u201d, remarc\u00f3. \u201cVan a estar disponibles los que se conoce como cuartos oscuros accesibles en las diferentes escuelas\u201d, coment\u00f3 Lorenzo. \u201cCuando una persona con discapacidad o movilidad reducida quiera acceder para poder votar, los presidentes de mesa se deben presentar para que esa persona pueda emitir su voto\u201d, explic\u00f3. \u201cAl momento de solicitarlo tienen que presentar el certificado \u00fanico de discapacidad\u201d, aclar\u00f3. Adem\u00e1s, Lorenzo detall\u00f3 que \u201cen el cuarto oscuro habr\u00e1 boletas en braille, para que las personas con disminuci\u00f3n visual puedan acceder; adem\u00e1s pueden entrar en compa\u00f1\u00eda, desde perros gu\u00edas a un familiar que lo acompa\u00f1e\u201d. En su defecto, si la persona viene sola, \u201cpuede acompa\u00f1arla el presidente de mesa\u201d, explic\u00f3.<br \/>\n&lt;<a href=\"http:\/\/www.avg.com\/email-signature?utm_medium=email&amp;utm_source=link&amp;utm_campaign=sig-email&amp;utm_content=webmail\">www.avg.com\/email-signature?utm_medium=email&amp;utm_source=link&amp;utm_campaign=sig-email&amp;utm_content=webmail<\/a>&gt; Libre de virus.www.avg.com &lt;<a href=\"http:\/\/www.avg.com\/email-signature?utm_medium=email&amp;utm_source=link&amp;utm_campaign=sig-email&amp;utm_content=webmail\">www.avg.com\/email-signature?utm_medium=email&amp;utm_source=link&amp;utm_campaign=sig-email&amp;utm_content=webmail<\/a>&gt; <\/div>\n","protected":false},"excerpt":{"rendered":"<p>El presidente del IPRODICH explic\u00f3 el trabajo que se lleva a cabo para garantizar la participaci\u00f3n ciudadana de las personas con discapacidad el pr\u00f3ximo domingo. El presidente del Instituto Provincial para la Inclusi\u00f3n de las Personas con Discapacidad (IPRODICH), Jos\u00e9 Lorenzo dialog\u00f3 con Chaco TV acerca del trabajo que va a estar realizando el organismo [&hellip;]<\/p>\n","protected":false},"author":1,"featured_media":26985,"comment_status":"closed","ping_status":"closed","sticky":false,"template":"","format":"standard","meta":{"footnotes":""},"categories":[6],"tags":[],"class_list":{"0":"post-26984","1":"post","2":"type-post","3":"status-publish","4":"format-standard","5":"has-post-thumbnail","7":"category-chaco"},"_links":{"self":[{"href":"https:\/\/chacosintesis.com.ar\/index.php\/wp-json\/wp\/v2\/posts\/26984","targetHints":{"allow":["GET"]}}],"collection":[{"href":"https:\/\/chacosintesis.com.ar\/index.php\/wp-json\/wp\/v2\/posts"}],"about":[{"href":"https:\/\/chacosintesis.com.ar\/index.php\/wp-json\/wp\/v2\/types\/post"}],"author":[{"embeddable":true,"href":"https:\/\/chacosintesis.com.ar\/index.php\/wp-json\/wp\/v2\/users\/1"}],"replies":[{"embeddable":true,"href":"https:\/\/chacosintesis.com.ar\/index.php\/wp-json\/wp\/v2\/comments?post=26984"}],"version-history":[{"count":0,"href":"https:\/\/chacosintesis.com.ar\/index.php\/wp-json\/wp\/v2\/posts\/26984\/revisions"}],"wp:featuredmedia":[{"embeddable":true,"href":"https:\/\/chacosintesis.com.ar\/index.php\/wp-json\/wp\/v2\/media\/26985"}],"wp:attachment":[{"href":"https:\/\/chacosintesis.com.ar\/index.php\/wp-json\/wp\/v2\/media?parent=26984"}],"wp:term":[{"taxonomy":"category","embeddable":true,"href":"https:\/\/chacosintesis.com.ar\/index.php\/wp-json\/wp\/v2\/categories?post=26984"},{"taxonomy":"post_tag","embeddable":true,"href":"https:\/\/chacosintesis.com.ar\/index.php\/wp-json\/wp\/v2\/tags?post=26984"}],"curies":[{"name":"wp","href":"https:\/\/api.w.org\/{rel}","templated":true}]}}