{"id":26982,"date":"2023-09-15T19:08:24","date_gmt":"2023-09-15T22:08:24","guid":{"rendered":"https:\/\/chacosintesis.com.ar\/?p=26982"},"modified":"2023-09-15T19:37:41","modified_gmt":"2023-09-15T22:37:41","slug":"la-obra-del-centro-de-educacion-fisica-n-1-se-encuentra-en-su-etapa-final","status":"publish","type":"post","link":"https:\/\/chacosintesis.com.ar\/index.php\/la-obra-del-centro-de-educacion-fisica-n-1-se-encuentra-en-su-etapa-final\/","title":{"rendered":"La obra del Centro de Educaci\u00f3n F\u00edsica N\u00b0 1 se encuentra en su etapa final"},"content":{"rendered":"<div class=\"postie-post\">Ubicada en el Parque 2 de Febrero prev\u00e9 ser inaugurada en octubre. All\u00ed funcionar\u00e1n tambi\u00e9n el Instituto Superior de Educaci\u00f3n F\u00edsica y la Fundaci\u00f3n Deportiva Social Chaco, adem\u00e1s de sedes de distintas federaciones deportivas.<br \/>\nEl gobernador Jorge Capitanich supervis\u00f3 este viernes la obra del Centro de Educaci\u00f3n F\u00edsica (CEF) N\u00b01 de Resistencia, que se encuentra en su etapa final de ejecuci\u00f3n. La mega obra, en el Parque 2 de Febrero, tiene un presupuesto superior a los mil millones de pesos de inversi\u00f3n y concentrar\u00e1 las instituciones deportivo-educativas de mayor referencia, con estadio cubierto, gimnasios, aulas y oficinas. \u201cEstamos visitando esta obra que es excepcional y que seguramente durante el mes de octubre estar\u00e1 en condiciones de ser inaugurada\u201d, adelant\u00f3 el mandatario. La nueva sede del CEF N\u00b01 ser\u00e1 centro adem\u00e1s del Instituto Superior de Educaci\u00f3n F\u00edsica (IESEF) y de la Fundaci\u00f3n Deportiva Social Chaco (DESOCHA). Adem\u00e1s ser\u00e1 sede de la Liga Chaque\u00f1a de F\u00fatbol y de diversas federaciones deportivas. \u201cEs la obra m\u00e1s excepcional y emblem\u00e1tica y ser\u00e1 el epicentro de la infraestructura deportiva de toda la provincia\u201d, valor\u00f3 el gobernador. &#8220;Est\u00e1 en su instancia final y hoy hay cerca de 200 obreros trabajando, en lo que ser\u00e1n aulas limpias y c\u00f3modas para los estudiantes y docentes en una infraestructura deportiva sin igual\u201d, sostuvo. \u201cHay gran expectativa con la inauguraci\u00f3n, donde se congregar\u00e1 toda la comunidad deportiva para habilitar este espacio que traer\u00e1 adem\u00e1s la posibilidad de albergar muchos eventos nacionales e internacionales\u201d, resalt\u00f3 el gobernador. Con $1.044.662.675 presupuestados en dos etapas, el proyecto contempl\u00f3 la construcci\u00f3n de tres gimnasios y sus respectivos servicios de sanitarios, piscina semiol\u00edmpica y piscina para rehabilitaci\u00f3n, consultorio de kinesiolog\u00eda, sala de primeros auxilios, dep\u00f3sitos de insumos deportivos, guarder\u00eda infantil para hijos de los alumnos y docentes, biblioteca, auditorio y bar-cantina. Sylvia Fripp, de ILAG construcciones, acompa\u00f1\u00f3 al gobernador en la recorrida y detall\u00f3 que la primera etapa (pileta semiol\u00edmpica, aulas y oficinas de IECEF) alcanza el 94% de ejecuci\u00f3n, mientras que la segunda etapa (cancha principal, cancha secundaria, sal\u00f3n auditorio, enfermer\u00eda, gimnasios de entrenamiento y sanitarios) supera el 86% de ejecuci\u00f3n.<br \/>\n&lt;<a href=\"http:\/\/www.avg.com\/email-signature?utm_medium=email&amp;utm_source=link&amp;utm_campaign=sig-email&amp;utm_content=webmail\">www.avg.com\/email-signature?utm_medium=email&amp;utm_source=link&amp;utm_campaign=sig-email&amp;utm_content=webmail<\/a>&gt; Libre de virus.www.avg.com &lt;<a href=\"http:\/\/www.avg.com\/email-signature?utm_medium=email&amp;utm_source=link&amp;utm_campaign=sig-email&amp;utm_content=webmail\">www.avg.com\/email-signature?utm_medium=email&amp;utm_source=link&amp;utm_campaign=sig-email&amp;utm_content=webmail<\/a>&gt; <\/div>\n","protected":false},"excerpt":{"rendered":"<p>Ubicada en el Parque 2 de Febrero prev\u00e9 ser inaugurada en octubre. All\u00ed funcionar\u00e1n tambi\u00e9n el Instituto Superior de Educaci\u00f3n F\u00edsica y la Fundaci\u00f3n Deportiva Social Chaco, adem\u00e1s de sedes de distintas federaciones deportivas. El gobernador Jorge Capitanich supervis\u00f3 este viernes la obra del Centro de Educaci\u00f3n F\u00edsica (CEF) N\u00b01 de Resistencia, que se encuentra [&hellip;]<\/p>\n","protected":false},"author":1,"featured_media":26983,"comment_status":"closed","ping_status":"closed","sticky":false,"template":"","format":"standard","meta":{"footnotes":""},"categories":[6],"tags":[],"class_list":{"0":"post-26982","1":"post","2":"type-post","3":"status-publish","4":"format-standard","5":"has-post-thumbnail","7":"category-chaco"},"_links":{"self":[{"href":"https:\/\/chacosintesis.com.ar\/index.php\/wp-json\/wp\/v2\/posts\/26982","targetHints":{"allow":["GET"]}}],"collection":[{"href":"https:\/\/chacosintesis.com.ar\/index.php\/wp-json\/wp\/v2\/posts"}],"about":[{"href":"https:\/\/chacosintesis.com.ar\/index.php\/wp-json\/wp\/v2\/types\/post"}],"author":[{"embeddable":true,"href":"https:\/\/chacosintesis.com.ar\/index.php\/wp-json\/wp\/v2\/users\/1"}],"replies":[{"embeddable":true,"href":"https:\/\/chacosintesis.com.ar\/index.php\/wp-json\/wp\/v2\/comments?post=26982"}],"version-history":[{"count":0,"href":"https:\/\/chacosintesis.com.ar\/index.php\/wp-json\/wp\/v2\/posts\/26982\/revisions"}],"wp:featuredmedia":[{"embeddable":true,"href":"https:\/\/chacosintesis.com.ar\/index.php\/wp-json\/wp\/v2\/media\/26983"}],"wp:attachment":[{"href":"https:\/\/chacosintesis.com.ar\/index.php\/wp-json\/wp\/v2\/media?parent=26982"}],"wp:term":[{"taxonomy":"category","embeddable":true,"href":"https:\/\/chacosintesis.com.ar\/index.php\/wp-json\/wp\/v2\/categories?post=26982"},{"taxonomy":"post_tag","embeddable":true,"href":"https:\/\/chacosintesis.com.ar\/index.php\/wp-json\/wp\/v2\/tags?post=26982"}],"curies":[{"name":"wp","href":"https:\/\/api.w.org\/{rel}","templated":true}]}}