{"id":26968,"date":"2023-09-15T18:18:45","date_gmt":"2023-09-15T21:18:45","guid":{"rendered":"https:\/\/chacosintesis.com.ar\/?p=26968"},"modified":"2023-09-15T18:36:45","modified_gmt":"2023-09-15T21:36:45","slug":"konecta-genera-3-500-empleos-con-incentivos-del-ministerio-de-produccion-empleo-e-industria","status":"publish","type":"post","link":"https:\/\/chacosintesis.com.ar\/index.php\/konecta-genera-3-500-empleos-con-incentivos-del-ministerio-de-produccion-empleo-e-industria\/","title":{"rendered":"Konecta genera 3.500 empleos con incentivos del Ministerio de Producci\u00f3n, Empleo e Industria"},"content":{"rendered":"<div class=\"postie-post\">Capitanich recorri\u00f3 la empresa de call center que funciona en la provincia desde hace m\u00e1s de 10 a\u00f1os. La Provincia absorbe hasta el 35% del salario de gran parte de los trabajadores de la firma.<br \/>\nEl gobernador Jorge Capitanich visit\u00f3 este viernes el call center Konecta, donde constat\u00f3 el funcionamiento de la empresa que genera 3.500 puestos de trabajo. Estuvieron presentes adem\u00e1s el ministro de Producci\u00f3n, Industria y Empleo, Sebasti\u00e1n Lifton; el subsecretario de Empleo, Lucas Cepeda; el gerente del Nea de Konecta, Fernando Garc\u00eda, y la gerenta de Operaciones, Ver\u00f3nica Fern\u00e1ndez.<br \/>\nKonecta es una empresa de call center con 8.605 empleados en todo el pa\u00eds. En la provincia est\u00e1 radicada hace 10 a\u00f1os en dos sucursales (ambas en Resistencia), dedicadas al servicio de atenci\u00f3n al cliente a empresas de telefon\u00eda, aseguradoras de salud, bancos, entre otras. Forma parte de los 8.000 empleos en el sector de call center en el Chaco, que posicionan a la provincia entre las tres primeras del pa\u00eds.<br \/>\nEsto es posible gracias a diferentes incentivos que ofrece el Gobierno, como el programa de inserci\u00f3n laboral \u201cEmpleo en Call Centers\u201d, con el que el Estado puede aportar hasta el 35% del salario de cada trabajador. \u201cNos llena orgullo que una empresa como Konecta funcione en la provincia, generando oportunidades de empleo joven, apoyando en su inserci\u00f3n y desarrollo profesional\u201d, expres\u00f3 Cepeda.<br \/>\nEl funcionario coment\u00f3 que a trav\u00e9s de una alianza con la compa\u00f1\u00eda, trabajadoras y trabajadores se sumar\u00e1n al plan de capacitaci\u00f3n del Estado provincial, que cuenta con m\u00e1s de 25 cursos disponibles, \u201cpara que puedan acceder de manera inmediata a las herramientas que hoy tenemos disponibles\u201d, destac\u00f3.<br \/>\n\u201cEso hace que hoy Konecta sea fuerte, sea perdurable en el tiempo y pueda acaparar una franja etaria de las personas que antes no ten\u00edan opciones de trabajo, desde que salen del secundario hasta los 25\u201d, detall\u00f3 por su parte Fernando Garc\u00eda, y remarc\u00f3 que as\u00ed hoy puede brindarle seguridad de continuidad a las y los empleados.<br \/>\n<<a href=\"http:\/\/www.avg.com\/email-signature?utm_medium=email&#038;utm_source=link&#038;utm_campaign=sig-email&#038;utm_content=webmail\">www.avg.com\/email-signature?utm_medium=email&amp;utm_source=link&amp;utm_campaign=sig-email&amp;utm_content=webmail<\/a>> Libre de virus.www.avg.com <<a href=\"http:\/\/www.avg.com\/email-signature?utm_medium=email&#038;utm_source=link&#038;utm_campaign=sig-email&#038;utm_content=webmail\">www.avg.com\/email-signature?utm_medium=email&amp;utm_source=link&amp;utm_campaign=sig-email&amp;utm_content=webmail<\/a>> <#DAB4FAD8-2DD7-40BB-A1B8-4E2AA1F9FDF2><\/div>\n","protected":false},"excerpt":{"rendered":"<p>Capitanich recorri\u00f3 la empresa de call center que funciona en la provincia desde hace m\u00e1s de 10 a\u00f1os. La Provincia absorbe hasta el 35% del salario de gran parte de los trabajadores de la firma. El gobernador Jorge Capitanich visit\u00f3 este viernes el call center Konecta, donde constat\u00f3 el funcionamiento de la empresa que genera [&hellip;]<\/p>\n","protected":false},"author":1,"featured_media":26969,"comment_status":"closed","ping_status":"closed","sticky":false,"template":"","format":"standard","meta":{"footnotes":""},"categories":[6],"tags":[],"class_list":{"0":"post-26968","1":"post","2":"type-post","3":"status-publish","4":"format-standard","5":"has-post-thumbnail","7":"category-chaco"},"_links":{"self":[{"href":"https:\/\/chacosintesis.com.ar\/index.php\/wp-json\/wp\/v2\/posts\/26968","targetHints":{"allow":["GET"]}}],"collection":[{"href":"https:\/\/chacosintesis.com.ar\/index.php\/wp-json\/wp\/v2\/posts"}],"about":[{"href":"https:\/\/chacosintesis.com.ar\/index.php\/wp-json\/wp\/v2\/types\/post"}],"author":[{"embeddable":true,"href":"https:\/\/chacosintesis.com.ar\/index.php\/wp-json\/wp\/v2\/users\/1"}],"replies":[{"embeddable":true,"href":"https:\/\/chacosintesis.com.ar\/index.php\/wp-json\/wp\/v2\/comments?post=26968"}],"version-history":[{"count":0,"href":"https:\/\/chacosintesis.com.ar\/index.php\/wp-json\/wp\/v2\/posts\/26968\/revisions"}],"wp:featuredmedia":[{"embeddable":true,"href":"https:\/\/chacosintesis.com.ar\/index.php\/wp-json\/wp\/v2\/media\/26969"}],"wp:attachment":[{"href":"https:\/\/chacosintesis.com.ar\/index.php\/wp-json\/wp\/v2\/media?parent=26968"}],"wp:term":[{"taxonomy":"category","embeddable":true,"href":"https:\/\/chacosintesis.com.ar\/index.php\/wp-json\/wp\/v2\/categories?post=26968"},{"taxonomy":"post_tag","embeddable":true,"href":"https:\/\/chacosintesis.com.ar\/index.php\/wp-json\/wp\/v2\/tags?post=26968"}],"curies":[{"name":"wp","href":"https:\/\/api.w.org\/{rel}","templated":true}]}}