{"id":26963,"date":"2023-09-14T22:38:58","date_gmt":"2023-09-15T01:38:58","guid":{"rendered":"https:\/\/chacosintesis.com.ar\/?p=26963"},"modified":"2023-09-14T23:06:41","modified_gmt":"2023-09-15T02:06:41","slug":"capitanich-se-vienen-los-mejores-anos-porque-vamos-a-terminar-de-desarrollar-la-industria-y-las-obras-que-empezamos","status":"publish","type":"post","link":"https:\/\/chacosintesis.com.ar\/index.php\/capitanich-se-vienen-los-mejores-anos-porque-vamos-a-terminar-de-desarrollar-la-industria-y-las-obras-que-empezamos\/","title":{"rendered":"Capitanich: \u201cSe vienen los mejores a\u00f1os porque vamos a terminar de desarrollar la industria y las obras que empezamos\u201d"},"content":{"rendered":"<div class=\"postie-post\">El candidato a gobernador del Frente Chaque\u00f1o &#8211; Lista 652 &#8211; convoc\u00f3 al pueblo chaque\u00f1o a acompa\u00f1arlo una vez m\u00e1s: \u201cAmo a cada chaque\u00f1o, a cada chaque\u00f1a y siento el orgullo de representarlos y defender los intereses de nuestra provincia. El pr\u00f3ximo gobierno ser\u00e1 con el signo del trabajo\u201d.<\/p>\n<p>El gobernador y candidato a la reelecci\u00f3n por el Frente Chaque\u00f1o, Jorge Capitanich, encabez\u00f3 este jueves un emotivo cierre de campa\u00f1a en la localidad de Barranqueras, que incluy\u00f3 una caminata junto a vecinas y vecinos.<br \/>\n\u201cNosotros sabemos lo que nos falta, y la que viene ser\u00e1 la \u00faltima etapa de un proceso de transformaci\u00f3n estructural que ha permitido los cambios que la provincia necesitaba\u201d, expres\u00f3 el mandatario, acompa\u00f1ado por la vicegobernadora Anal\u00eda Rach Quiroga.<br \/>\nVisiblemente emocionado, Coqui agradeci\u00f3 a los chaque\u00f1os y chaque\u00f1as \u201cpor las oportunidades que tuvimos, por el esfuerzo del trabajo y la militancia de todos los d\u00edas. Pero tambi\u00e9n gracias porque se vienen los mejores a\u00f1os del Chaco. Vamos a terminar de desarrollar una industria vigorosa y vamos a ser capaces de terminar las obras de infraestructura que empezamos\u201d.<\/p>\n<p>Y expres\u00f3: \u201cQuiero decirles que, junto al nacimiento de mis dos hijas, Guillermina y Jorgelina, la m\u00e1s maravillosa misi\u00f3n que me dio Dios en el mundo ha sido gobernar este maravilloso pueblo\u201d.<br \/>\nEn ese contexto, Capitanich llam\u00f3 al pueblo chaque\u00f1o a acompa\u00f1arlo una vez m\u00e1s: \u201cAmo a cada chaque\u00f1o, a cada chaque\u00f1a y siento el orgullo de representarlos y defender los intereses de nuestra provincia. Amo profundamente mi provincia y el pr\u00f3ximo gobierno ser\u00e1 con el signo del trabajo\u201d.<br \/>\nAdem\u00e1s, record\u00f3 las metas hacia una pr\u00f3xima gesti\u00f3n: \u201cPrimero, la urbanizaci\u00f3n de 649 barrios a lo largo y a lo ancho de las 70 localidades y de los 25 departamentos. Queremos garantizar tu lugar, tu t\u00edtulo de propiedad, tu vivienda digna, tu vereda, tu pavimento, tu casa, tu escuela, tu hospital\u201d.<br \/>\nAs\u00ed tambi\u00e9n se comprometi\u00f3 a la construcci\u00f3n de 20.000 viviendas, \u201cporque urbanizando barrios, promoviendo trabajo, vamos a generar 25.000 empleos, pero vamos a hacer 20.000 cuadras de ripio, 10.000 cuadras de pavimento, 250 plazas, 2.500 kil\u00f3metros de vereda, y vamos a desarrollar con vigor las 20 cadenas de valor para llegar a 200.000 empleos formales\u201d.<br \/>\n Puntualmente, se dirigi\u00f3 a la juventud: \u201cQuiero hablarles a los j\u00f3venes chaque\u00f1os, muchas veces desencantados, porque no somos capaces de resolver sus expectativas y sus esperanzas. Les pido disculpas por lo que no pudimos hacer, pero tambi\u00e9n les digo lo que hemos sido capaces de hacer, garantizando el derecho a la educaci\u00f3n, a la inclusi\u00f3n social, al aumento del Progresar, que el candidato opositor lo baj\u00f3 cuando tuvo la responsabilidad de hacerlo\u201d.<br \/>\nAcompa\u00f1aron la multitudinaria convocatoria la intendenta local, Magda Ayala, y los candidatos a la Legislatura provincial Santiago Perez Pons, P\u00eda Chiacchio Cavana, junto a funcionarios y funcionarias del Gobierno provincial, legisladores y legisladoras provinciales y nacionales, referentes, militantes, vecinas y vecinos.<\/p>\n<p>\u201cQueremos terminar de una vez con aquellos especuladores de la pol\u00edtica\u201d<\/p>\n<p>En otro tramo de su discurso, el gobernador pidi\u00f3 el voto a los distintos sectores de la provincia. \u201cQuiero pedirles a los compa\u00f1eros peronistas el voto \u00fatil, porque el peronismo tiene una sola opci\u00f3n para ganar este domingo: la Lista 652\u201d.<br \/>\nAsimismo, se dirigi\u00f3 al sector opositor: \u201cAs\u00ed como representamos la esencia del movimiento nacional, popular y democr\u00e1tico, tambi\u00e9n le pedimos a aquellos radicales que no se sienten representados por este giro a la derecha, que nos voten a nosotros para seguir garantizando los derechos de todos\u201d.<br \/>\nEn ese contexto, apunt\u00f3: \u201cQueremos contar con su apoyo para terminar de una vez con aquellos especuladores de la pol\u00edtica que la han utilizado en beneficio propio y no para la construcci\u00f3n de un proyecto en com\u00fan\u201d.<br \/>\nEste domingo, asegur\u00f3 Capitanich, \u201cO votamos a un l\u00edder con capacidad para gobernar en circunstancias de crisis, o la otra opci\u00f3n es tener a alguien sin formaci\u00f3n, sin trabajo, sin capacidad\u201d.<br \/>\nUtilizando una met\u00e1fora para expresarse, el gobernador puntualiz\u00f3: \u201cNo dejemos el barco a la deriva, porque este barco necesita un capit\u00e1n con experiencia. Quien nunca trabaj\u00f3, quien nunca conform\u00f3 equipos, quien no tiene plan ni proyecto, no puede gobernar en circunstancias de incertidumbre y de crisis\u201d.<br \/>\nCoqui llam\u00f3 a votar \u201ca un proyecto que es capaz de garantizar derechos, de ejecutar obras, de garantizar trabajo, capaz de representar la identidad chaque\u00f1a con experiencia, con energ\u00eda y con trabajo\u201d.<br \/>\nPidi\u00f3 adem\u00e1s el acompa\u00f1amiento de los trabajadores de la industria de la construcci\u00f3n, de los industriales, comerciantes, empresarios, de las peque\u00f1as y medianas empresas, de las comunidades originarias y criollas, de j\u00f3venes y mujeres, \u201cquiero pedirle al pueblo de la provincia del Chaco que nos acompa\u00f1e con su voto el pr\u00f3ximo 17 de septiembre\u201d.<\/p>\n<p>Una convocatoria amplia y plural<\/p>\n<p>El gobernador dej\u00f3 un claro mensaje a diversos sectores, empezando por los efectivos de la Polic\u00eda del Chaco: \u201cQuiero darles un mensaje muy claro a aquellos miembros integrantes de las fuerzas provinciales. Cuando ellos estuvieron en el gobierno, lo \u00fanico que hicieron fue tenerlos ocho a\u00f1os sin ascenso, nosotros les dimos 2 ascensos excepcionales, un tercero, garantizamos la bonificaci\u00f3n por refrigerio, equipamos a la fuerza, les dimos autoridad y estamos dispuestos a seguir apoyando el desarrollo de una polic\u00eda al servicio de nuestro pueblo\u201d.<br \/>\nTambi\u00e9n convoc\u00f3 a las mujeres chaque\u00f1as: \u201cQuiero convocarlas porque, como Anal\u00eda (Rach Quiroga) representan la equidad de g\u00e9nero, para que juntos reivindiquemos los derechos que nos permitan protegernos de esa conducta patriarcal y machista que genera violencia\u201d.<br \/>\nY record\u00f3 nuevamente a los j\u00f3venes: \u201cQueremos que sean parte insustituible de la construcci\u00f3n de la esperanza para las pr\u00f3ximas generaciones\u201d.<\/p><\/div>\n","protected":false},"excerpt":{"rendered":"<p>El candidato a gobernador del Frente Chaque\u00f1o &#8211; Lista 652 &#8211; convoc\u00f3 al pueblo chaque\u00f1o a acompa\u00f1arlo una vez m\u00e1s: \u201cAmo a cada chaque\u00f1o, a cada chaque\u00f1a y siento el orgullo de representarlos y defender los intereses de nuestra provincia. El pr\u00f3ximo gobierno ser\u00e1 con el signo del trabajo\u201d. El gobernador y candidato a la [&hellip;]<\/p>\n","protected":false},"author":1,"featured_media":26964,"comment_status":"closed","ping_status":"closed","sticky":false,"template":"","format":"standard","meta":{"footnotes":""},"categories":[6],"tags":[],"class_list":{"0":"post-26963","1":"post","2":"type-post","3":"status-publish","4":"format-standard","5":"has-post-thumbnail","7":"category-chaco"},"_links":{"self":[{"href":"https:\/\/chacosintesis.com.ar\/index.php\/wp-json\/wp\/v2\/posts\/26963","targetHints":{"allow":["GET"]}}],"collection":[{"href":"https:\/\/chacosintesis.com.ar\/index.php\/wp-json\/wp\/v2\/posts"}],"about":[{"href":"https:\/\/chacosintesis.com.ar\/index.php\/wp-json\/wp\/v2\/types\/post"}],"author":[{"embeddable":true,"href":"https:\/\/chacosintesis.com.ar\/index.php\/wp-json\/wp\/v2\/users\/1"}],"replies":[{"embeddable":true,"href":"https:\/\/chacosintesis.com.ar\/index.php\/wp-json\/wp\/v2\/comments?post=26963"}],"version-history":[{"count":0,"href":"https:\/\/chacosintesis.com.ar\/index.php\/wp-json\/wp\/v2\/posts\/26963\/revisions"}],"wp:featuredmedia":[{"embeddable":true,"href":"https:\/\/chacosintesis.com.ar\/index.php\/wp-json\/wp\/v2\/media\/26964"}],"wp:attachment":[{"href":"https:\/\/chacosintesis.com.ar\/index.php\/wp-json\/wp\/v2\/media?parent=26963"}],"wp:term":[{"taxonomy":"category","embeddable":true,"href":"https:\/\/chacosintesis.com.ar\/index.php\/wp-json\/wp\/v2\/categories?post=26963"},{"taxonomy":"post_tag","embeddable":true,"href":"https:\/\/chacosintesis.com.ar\/index.php\/wp-json\/wp\/v2\/tags?post=26963"}],"curies":[{"name":"wp","href":"https:\/\/api.w.org\/{rel}","templated":true}]}}