{"id":26961,"date":"2023-09-14T22:36:38","date_gmt":"2023-09-15T01:36:38","guid":{"rendered":"https:\/\/chacosintesis.com.ar\/?p=26961"},"modified":"2023-09-14T22:36:58","modified_gmt":"2023-09-15T01:36:58","slug":"zdero-y-la-caravana-del-cambio-construimos-esta-alternativa-desde-la-austeridad","status":"publish","type":"post","link":"https:\/\/chacosintesis.com.ar\/index.php\/zdero-y-la-caravana-del-cambio-construimos-esta-alternativa-desde-la-austeridad\/","title":{"rendered":"Zdero y la caravana del cambio: &#8220;Construimos esta alternativa desde la austeridad&#8221;"},"content":{"rendered":"<div class=\"postie-post\">Leandro Zdero y Silvana Schneider, la f\u00f3rmula para la gobernaci\u00f3n de Juntos por el Cambio, realizaron una caravana multitudinaria de cierre de campa\u00f1a en Resistencia, en el marco de las elecciones generales previstas este domingo 17 de septiembre. \u201cEstuvimos acompa\u00f1ados por el gobernador electo de Santa Fe, una vez m\u00e1s, Maximiliano Pullaro en una caravana impresionante, saliendo desde Fontana y llegando hasta las inmediaciones del Domo del Centenario con el cari\u00f1o de la gente, en un clima de esperanza, pero fundamentalmente de cambio para el Chaco que se viene\u201d.<br \/>\nAl finalizar la recorrida, Zdero afirm\u00f3: \u201cHemos construido entre todos, la posibilidad de hacer una alianza con la gente, de llegar a cada rinc\u00f3n de la provincia, pero esto es resultado del esfuerzo, de cada uno de ustedes, que se han comprometido a ser protagonistas. Emprendimos el camino de la construcci\u00f3n, no podemos aflojar ni un minuto, porque el cambio est\u00e1 cerca. Hemos demostrado que pudimos ser capaces de llevar nuestra propuesta, pero coronamos este trabajo con austeridad, ac\u00e1 no hay plata de la pol\u00edtica ni del estado, es el esfuerzo y el entusiasmo de los chaque\u00f1os lo que nos alienta a seguir avanzando\u201d.<br \/>\nESTE VIENTO DE AIRE FRESCO QUE VIENE DE SANTA FE, EST\u00c1 LLEGANDO AL CHACO<br \/>\n\u201cVamos a estar en cada escuela defendiendo, el voto de cada chaque\u00f1o. Estoy muy agradecido por el cari\u00f1o y el respeto por esta alternativa que no tiene color pol\u00edtico sino de los que tienen coraje y se animan a un Chaco mejor. El cambio es ahora, no es un slogan viene cargado de compromisos para reparar las asimetr\u00edas que padecemos como ciudadanos. Este es el tiempo de caminar con valent\u00eda y dar vuelta la p\u00e1gina, con mucha fe y entusiasmo\u201d- concluy\u00f3 Zdero.<\/div>\n","protected":false},"excerpt":{"rendered":"<p>Leandro Zdero y Silvana Schneider, la f\u00f3rmula para la gobernaci\u00f3n de Juntos por el Cambio, realizaron una caravana multitudinaria de cierre de campa\u00f1a en Resistencia, en el marco de las elecciones generales previstas este domingo 17 de septiembre. \u201cEstuvimos acompa\u00f1ados por el gobernador electo de Santa Fe, una vez m\u00e1s, Maximiliano Pullaro en una caravana [&hellip;]<\/p>\n","protected":false},"author":1,"featured_media":26962,"comment_status":"closed","ping_status":"closed","sticky":false,"template":"","format":"standard","meta":{"footnotes":""},"categories":[6],"tags":[],"class_list":{"0":"post-26961","1":"post","2":"type-post","3":"status-publish","4":"format-standard","5":"has-post-thumbnail","7":"category-chaco"},"_links":{"self":[{"href":"https:\/\/chacosintesis.com.ar\/index.php\/wp-json\/wp\/v2\/posts\/26961","targetHints":{"allow":["GET"]}}],"collection":[{"href":"https:\/\/chacosintesis.com.ar\/index.php\/wp-json\/wp\/v2\/posts"}],"about":[{"href":"https:\/\/chacosintesis.com.ar\/index.php\/wp-json\/wp\/v2\/types\/post"}],"author":[{"embeddable":true,"href":"https:\/\/chacosintesis.com.ar\/index.php\/wp-json\/wp\/v2\/users\/1"}],"replies":[{"embeddable":true,"href":"https:\/\/chacosintesis.com.ar\/index.php\/wp-json\/wp\/v2\/comments?post=26961"}],"version-history":[{"count":0,"href":"https:\/\/chacosintesis.com.ar\/index.php\/wp-json\/wp\/v2\/posts\/26961\/revisions"}],"wp:featuredmedia":[{"embeddable":true,"href":"https:\/\/chacosintesis.com.ar\/index.php\/wp-json\/wp\/v2\/media\/26962"}],"wp:attachment":[{"href":"https:\/\/chacosintesis.com.ar\/index.php\/wp-json\/wp\/v2\/media?parent=26961"}],"wp:term":[{"taxonomy":"category","embeddable":true,"href":"https:\/\/chacosintesis.com.ar\/index.php\/wp-json\/wp\/v2\/categories?post=26961"},{"taxonomy":"post_tag","embeddable":true,"href":"https:\/\/chacosintesis.com.ar\/index.php\/wp-json\/wp\/v2\/tags?post=26961"}],"curies":[{"name":"wp","href":"https:\/\/api.w.org\/{rel}","templated":true}]}}