{"id":26957,"date":"2023-09-14T17:21:43","date_gmt":"2023-09-14T20:21:43","guid":{"rendered":"https:\/\/chacosintesis.com.ar\/?p=26957"},"modified":"2023-09-14T17:37:54","modified_gmt":"2023-09-14T20:37:54","slug":"con-el-refrigerio-comienza-el-pago-de-salarios-el-proximo-miercoles","status":"publish","type":"post","link":"https:\/\/chacosintesis.com.ar\/index.php\/con-el-refrigerio-comienza-el-pago-de-salarios-el-proximo-miercoles\/","title":{"rendered":"Con el refrigerio, comienza el pago de salarios el pr\u00f3ximo mi\u00e9rcoles"},"content":{"rendered":"<div class=\"postie-post\">En base al anticipo del titular de la cartera econ\u00f3mica, el refrigerio se abonar\u00e1 el 20 de septiembre. En tanto las y los jubilados cobrar\u00e1n el jueves 28 de este mes y las y los trabajadores activos lo har\u00e1n el viernes 29.<br \/>\nEl ministro de Planificaci\u00f3n, Econom\u00eda e Infraestructura, Santiago Perez Pons, anunci\u00f3 el cronograma de pago de salarios, que comenzar\u00e1 el pr\u00f3ximo mi\u00e9rcoles cuando se deposite el Refrigerio y continuar\u00e1 luego con la liquidaci\u00f3n de sueldos de las y los jubilados y de las y los trabajadores activos.<br \/>\nPrimero, el pr\u00f3ximo mi\u00e9rcoles, se depositar\u00e1 el Refrigerio a las y los trabajadores activos de la Administraci\u00f3n P\u00fablica. Como es habitual, se depositar\u00e1 a trav\u00e9s de la tarjeta Tuya Recargable del Nuevo Banco del Chaco.<br \/>\nLuego, ser\u00e1 el turno del pago a las y los jubilados chaque\u00f1os, quienes cobrar\u00e1n el pr\u00f3ximo jueves 28. Ese d\u00eda, a partir de las 21, sus haberes estar\u00e1n disponibles en los cajeros autom\u00e1ticos del Nuevo Banco del Chaco. Un d\u00eda despu\u00e9s, podr\u00e1n cobrar por ventanilla en las sucursales habilitadas por la entidad crediticia.<br \/>\nPara finalizar el cronograma con el pago de sueldos a las y los trabajadores activos el viernes 29, cuando tendr\u00e1n disponibles sus haberes en cajeros autom\u00e1ticos del NBCH. Un d\u00eda despu\u00e9s, podr\u00e1n retirar sus sueldos por ventanilla en las sucursales habilitadas por el banco provincial.<br \/>\n\u201cComo ya es pol\u00edtica de la gesti\u00f3n Capitanich, los salarios se abonar\u00e1n antes de fin de mes, porque tenemos las cuentas ordenadas y siempre buscamos darles previsibilidad\u201d a las y los trabajadores activos y pasivos, indic\u00f3 el titular de la cartera econ\u00f3mica.<br \/>\nPor otra parte, record\u00f3 que el adelanto de aumento de sueldo del 12% que se pagar\u00e1 este viernes impacta en el salario b\u00e1sico de cada agente, incide en las bonificaciones y alcanza tanto a las y los trabajadores activos, como a las y los jubilados chaque\u00f1os.<br \/>\nBeneficiarias y beneficiarios<br \/>\nLas y los beneficiarios del adelanto del aumento salarial, son:<br \/>\n-Los jubilados y trabajadores de la Administraci\u00f3n Central, organismos descentralizados, entes aut\u00e1rquicos, polic\u00edas, servicio penitenciario y del Poder Legislativo tendr\u00e1n un adelanto del 12% de la pauta salarial y ese 12% se pagar\u00e1 de manera adelantada durante la semana.<br \/>\n-Los docentes tendr\u00e1n un 12% como adelanto de la cl\u00e1usula gatillo y un aumento de 200 puntos al concepto \u201cRecomposici\u00f3n Docente\u201d. Tanto el 12% como los 200 puntos ser\u00e1n pagados por adelantado esta semana.<br \/>\n-El Poder Judicial tendr\u00e1 este mes el aumento correspondiente al \u201cAjuste por Revisi\u00f3n\u201d (Ley 3424-A) y un adelanto de ese ajuste del 12% que ser\u00e1 pagado esta semana.<br \/>\n-Las becas con contraprestaci\u00f3n laboral (M\u00e1s Inclusi\u00f3n, Servicio y Mantenimiento Escolar y becados de Deporte y Cultura) tendr\u00e1n un aumento de su beca de 12% + $12.000 a cada escala con retroactividad a agosto.<br \/>\n&lt;<a href=\"http:\/\/www.avg.com\/email-signature?utm_medium=email&amp;utm_source=link&amp;utm_campaign=sig-email&amp;utm_content=webmail\">www.avg.com\/email-signature?utm_medium=email&amp;utm_source=link&amp;utm_campaign=sig-email&amp;utm_content=webmail<\/a>&gt; Libre de virus.www.avg.com &lt;<a href=\"http:\/\/www.avg.com\/email-signature?utm_medium=email&amp;utm_source=link&amp;utm_campaign=sig-email&amp;utm_content=webmail\">www.avg.com\/email-signature?utm_medium=email&amp;utm_source=link&amp;utm_campaign=sig-email&amp;utm_content=webmail<\/a>&gt; <\/div>\n","protected":false},"excerpt":{"rendered":"<p>En base al anticipo del titular de la cartera econ\u00f3mica, el refrigerio se abonar\u00e1 el 20 de septiembre. En tanto las y los jubilados cobrar\u00e1n el jueves 28 de este mes y las y los trabajadores activos lo har\u00e1n el viernes 29. El ministro de Planificaci\u00f3n, Econom\u00eda e Infraestructura, Santiago Perez Pons, anunci\u00f3 el cronograma [&hellip;]<\/p>\n","protected":false},"author":1,"featured_media":26958,"comment_status":"closed","ping_status":"closed","sticky":false,"template":"","format":"standard","meta":{"footnotes":""},"categories":[6],"tags":[],"class_list":{"0":"post-26957","1":"post","2":"type-post","3":"status-publish","4":"format-standard","5":"has-post-thumbnail","7":"category-chaco"},"_links":{"self":[{"href":"https:\/\/chacosintesis.com.ar\/index.php\/wp-json\/wp\/v2\/posts\/26957","targetHints":{"allow":["GET"]}}],"collection":[{"href":"https:\/\/chacosintesis.com.ar\/index.php\/wp-json\/wp\/v2\/posts"}],"about":[{"href":"https:\/\/chacosintesis.com.ar\/index.php\/wp-json\/wp\/v2\/types\/post"}],"author":[{"embeddable":true,"href":"https:\/\/chacosintesis.com.ar\/index.php\/wp-json\/wp\/v2\/users\/1"}],"replies":[{"embeddable":true,"href":"https:\/\/chacosintesis.com.ar\/index.php\/wp-json\/wp\/v2\/comments?post=26957"}],"version-history":[{"count":0,"href":"https:\/\/chacosintesis.com.ar\/index.php\/wp-json\/wp\/v2\/posts\/26957\/revisions"}],"wp:featuredmedia":[{"embeddable":true,"href":"https:\/\/chacosintesis.com.ar\/index.php\/wp-json\/wp\/v2\/media\/26958"}],"wp:attachment":[{"href":"https:\/\/chacosintesis.com.ar\/index.php\/wp-json\/wp\/v2\/media?parent=26957"}],"wp:term":[{"taxonomy":"category","embeddable":true,"href":"https:\/\/chacosintesis.com.ar\/index.php\/wp-json\/wp\/v2\/categories?post=26957"},{"taxonomy":"post_tag","embeddable":true,"href":"https:\/\/chacosintesis.com.ar\/index.php\/wp-json\/wp\/v2\/tags?post=26957"}],"curies":[{"name":"wp","href":"https:\/\/api.w.org\/{rel}","templated":true}]}}