{"id":26955,"date":"2023-09-14T17:16:27","date_gmt":"2023-09-14T20:16:27","guid":{"rendered":"https:\/\/chacosintesis.com.ar\/?p=26955"},"modified":"2023-09-14T17:37:48","modified_gmt":"2023-09-14T20:37:48","slug":"la-policia-del-chaco-incorporara-350-nuevos-agentes-en-2024","status":"publish","type":"post","link":"https:\/\/chacosintesis.com.ar\/index.php\/la-policia-del-chaco-incorporara-350-nuevos-agentes-en-2024\/","title":{"rendered":"La Polic\u00eda del Chaco incorporar\u00e1 350 nuevos agentes en 2024"},"content":{"rendered":"<div class=\"postie-post\">As\u00ed se completar\u00e1n los 700 aspirantes admitidos en el curso de formaci\u00f3n del Instituto de Seguridad P\u00fablica, superando los 8 mil efectivos en toda la provincia. Este viernes cobrar\u00e1n los agentes que prestaron servicio en las PASO.<br \/>\nEl gobernador Jorge Capitanich y la ministra de Seguridad y Justicia, Gloria Zalazar, se reunieron este jueves con aspirantes del Instituto de Seguridad P\u00fablica en el Centro de Convenciones Gala. En ese marco, se les inform\u00f3 que la provincia prev\u00e9 la incorporaci\u00f3n de 350 nuevos efectivos a la fuerza de seguridad para el 2024, quienes se sumar\u00e1n a los 350 agentes que actualmente se capacitan en la instituci\u00f3n.<br \/>\n&#8220;Con estos 700 nuevos agentes superaremos los 8.300 efectivos en la administraci\u00f3n de la Polic\u00eda de la provincia. Claramente es un gran nivel de inversi\u00f3n en la fuerza, trabajando en la vocaci\u00f3n de servicio para lograr una polic\u00eda preventiva de buena calidad y resolver los problemas de seguridad p\u00fablica\u201d, asegur\u00f3 el gobernador.<br \/>\nLa ministra Gloria Zalazar indic\u00f3 que se trat\u00f3 de una reuni\u00f3n informativa \u201cpara dar precisiones acerca del ingreso de estos nuevos agentes, que ya demostraron el inter\u00e9s y las ganas por formar parte de la fuerza de seguridad provincial. Ser\u00e1n admitidos en el 2024 en el curso de formaci\u00f3n de agentes del Instituto de Seguridad, y una vez finalizado el mismo pasar\u00e1n a formar parte efectiva de la Polic\u00eda del Chaco.<br \/>\nEl Instituto de Seguridad P\u00fablica de la provincia funciona desde abril de este a\u00f1o bajo la \u00f3rbita del Ministerio de Seguridad. Tiene a su cargo la formaci\u00f3n especializada de las y los agentes policiales, as\u00ed como tambi\u00e9n la administraci\u00f3n del plan de ingresos y del r\u00e9gimen de ascensos. En junio, se realiz\u00f3 la inscripci\u00f3n para el \u201cCurso de Formaci\u00f3n para Agentes de Polic\u00eda\u201d, en el cual ingresaron 350 agentes<br \/>\nPago a los agentes que custodiaron las PASO<br \/>\nEste viernes 15 de septiembre se abonar\u00e1 el pago de horas extras al personal de la Polic\u00eda del Chaco que particip\u00f3 del operativo de seguridad durante las Primarias Abiertas, Simult\u00e1neas y Obligatorias (PASO), celebradas el 18 de junio pasado. M\u00e1s de 3.500 efectivos prestaron servicio para la custodia de escuelas, la seguridad del Tribunal Electoral y de los nodos operativos que la prestadora del servicio de correo dispuso en S\u00e1enz Pe\u00f1a, Villa \u00c1ngela, Charata, San Mart\u00edn, Castelli y Misi\u00f3n Nueva Pompeya.<br \/>\nEn concreto, \u201ceste viernes cobrar\u00e1n estos servicios adicionales 3.146 agentes y 317 oficiales jefes y superiores que trabajaron m\u00e1s de 42.200 horas extras de servicios\u201d, manifest\u00f3 el ministro de Planificaci\u00f3n, Econom\u00eda e Infraestructura, Santiago P\u00e9rez Pons, y anticip\u00f3 que quienes presten servicios en las elecciones previstas para el domingo (cuando se votar\u00e1 por gobernador, diputados provinciales e intendentes) percibir\u00e1n el adicional la pr\u00f3xima semana.<br \/>\nEste viernes, adem\u00e1s, todas y todos los trabajadores activos y pasivos de la provincia cobrar\u00e1n el adelanto del 12% de aumento al salario b\u00e1sico. As\u00ed, por ejemplo, un empleado que en agosto percibi\u00f3 $300.000 de sueldo, en septiembre recibir\u00e1 $36.000 de adelanto \u2013que cobrar\u00e1 este viernes- y los restantes $300.000 con la remuneraci\u00f3n del mes (que, como es habitual, se pagar\u00e1 antes de fin de mes). De esta manera, su salario mensual ser\u00e1 de $336.000 en septiembre (un 12% m\u00e1s respecto a agosto). \u201cLa paritaria seguir\u00e1 abierta, para continuar monitoreando la situaci\u00f3n mes a mes\u201d, indic\u00f3 el ministro.<br \/>\n&lt;<a href=\"http:\/\/www.avg.com\/email-signature?utm_medium=email&amp;utm_source=link&amp;utm_campaign=sig-email&amp;utm_content=webmail\">www.avg.com\/email-signature?utm_medium=email&amp;utm_source=link&amp;utm_campaign=sig-email&amp;utm_content=webmail<\/a>&gt; Libre de virus.www.avg.com &lt;<a href=\"http:\/\/www.avg.com\/email-signature?utm_medium=email&amp;utm_source=link&amp;utm_campaign=sig-email&amp;utm_content=webmail\">www.avg.com\/email-signature?utm_medium=email&amp;utm_source=link&amp;utm_campaign=sig-email&amp;utm_content=webmail<\/a>&gt; <\/div>\n","protected":false},"excerpt":{"rendered":"<p>As\u00ed se completar\u00e1n los 700 aspirantes admitidos en el curso de formaci\u00f3n del Instituto de Seguridad P\u00fablica, superando los 8 mil efectivos en toda la provincia. Este viernes cobrar\u00e1n los agentes que prestaron servicio en las PASO. El gobernador Jorge Capitanich y la ministra de Seguridad y Justicia, Gloria Zalazar, se reunieron este jueves con [&hellip;]<\/p>\n","protected":false},"author":1,"featured_media":26956,"comment_status":"closed","ping_status":"closed","sticky":false,"template":"","format":"standard","meta":{"footnotes":""},"categories":[6],"tags":[],"class_list":{"0":"post-26955","1":"post","2":"type-post","3":"status-publish","4":"format-standard","5":"has-post-thumbnail","7":"category-chaco"},"_links":{"self":[{"href":"https:\/\/chacosintesis.com.ar\/index.php\/wp-json\/wp\/v2\/posts\/26955","targetHints":{"allow":["GET"]}}],"collection":[{"href":"https:\/\/chacosintesis.com.ar\/index.php\/wp-json\/wp\/v2\/posts"}],"about":[{"href":"https:\/\/chacosintesis.com.ar\/index.php\/wp-json\/wp\/v2\/types\/post"}],"author":[{"embeddable":true,"href":"https:\/\/chacosintesis.com.ar\/index.php\/wp-json\/wp\/v2\/users\/1"}],"replies":[{"embeddable":true,"href":"https:\/\/chacosintesis.com.ar\/index.php\/wp-json\/wp\/v2\/comments?post=26955"}],"version-history":[{"count":0,"href":"https:\/\/chacosintesis.com.ar\/index.php\/wp-json\/wp\/v2\/posts\/26955\/revisions"}],"wp:featuredmedia":[{"embeddable":true,"href":"https:\/\/chacosintesis.com.ar\/index.php\/wp-json\/wp\/v2\/media\/26956"}],"wp:attachment":[{"href":"https:\/\/chacosintesis.com.ar\/index.php\/wp-json\/wp\/v2\/media?parent=26955"}],"wp:term":[{"taxonomy":"category","embeddable":true,"href":"https:\/\/chacosintesis.com.ar\/index.php\/wp-json\/wp\/v2\/categories?post=26955"},{"taxonomy":"post_tag","embeddable":true,"href":"https:\/\/chacosintesis.com.ar\/index.php\/wp-json\/wp\/v2\/tags?post=26955"}],"curies":[{"name":"wp","href":"https:\/\/api.w.org\/{rel}","templated":true}]}}