{"id":26953,"date":"2023-09-14T17:14:56","date_gmt":"2023-09-14T20:14:56","guid":{"rendered":"https:\/\/chacosintesis.com.ar\/?p=26953"},"modified":"2023-09-14T17:37:43","modified_gmt":"2023-09-14T20:37:43","slug":"los-candidatos-que-compiten-por-la-gobernacion-cierran-sus-campanas-de-cara-a-los-comicios-del-domingo","status":"publish","type":"post","link":"https:\/\/chacosintesis.com.ar\/index.php\/los-candidatos-que-compiten-por-la-gobernacion-cierran-sus-campanas-de-cara-a-los-comicios-del-domingo\/","title":{"rendered":"Los candidatos que compiten por la gobernaci\u00f3n cierran sus campa\u00f1as de cara a los comicios del domingo"},"content":{"rendered":"<div class=\"postie-post\">Los diferentes candidatos que competir\u00e1n este domingo en las elecciones provinciales a gobernador transitan las \u00faltimas horas antes de la veda electoral y esta tarde realizan sus  respectivos cierres de campa\u00f1a. El Frente Chaque\u00f1o proyecta hacerlo en Barranqueras, en tanto Juntos por el Cambio realizar\u00e1 una caravana en Resistencia.<br \/>\nDe cara a la contienda electoral de este domingo donde los chaque\u00f1os y chaque\u00f1as ir\u00e1n a las urnas para elegir al pr\u00f3ximo gobernador que regir\u00e1 los destinos de la provincia hasta el 2027, los principales candidatos realizan este jueves sus respectivos cierres de campa\u00f1a.<br \/>\nDe acuerdo a lo establecido por el calendario electoral, antes de la veda que se inicia 48 horas antes de los comicios, los diferentes candidatos transitan sus \u00faltimos momentos de campa\u00f1a buscando captar el voto del electorado.<br \/>\nFrente Chaque\u00f1o<\/p>\n<p>Como ya ocurri\u00f3 en elecciones anteriores, Jorge Capitanich candidato a gobernador por el Frente Chaque\u00f1o realizar\u00e1 el cierre de su campa\u00f1a en Barranqueras.  Capitanich acompa\u00f1ado por otros candidatos y militantes realizar\u00e1 una caminata que tendr\u00e1 como punto de encuentro a las 19 en avenida San Mart\u00edn y Saavedra , con ingreso por Diagonal Eva Peron y San Mart\u00edn.  All\u00ed realizar\u00e1 un acto y un mensaje de cierre de campa\u00f1a de cara a las elecciones del domingo 17, en b\u00fasqueda de su reelecci\u00f3n al frente del Ejecutivo Chaque\u00f1o.<br \/>\nJuntos por el Cambio<\/p>\n<p>Leandro Zdero candidato a gobernador  de Juntos por el Cambio tiene proyectado una caravana de cierre  de campa\u00f1a a partir de las 16 con concentraci\u00f3n en avenida Alvear y Nahuel Huapi.<br \/>\nLa Libertad Avanza<br \/>\nEn tanto el candidato por La Libertad Avanza, Alfredo \u201cCapi\u201d Rodr\u00edguez realiz\u00f3 ayer (mi\u00e9rcoles) su cierre de campa\u00f1a realizado en la sede de Paraguay al 145. En el acto  el candidato destac\u00f3: &#8220;Estamos produciendo un cambio muy profundo en la pol\u00edtica chaque\u00f1a&#8221;<br \/>\nCER<\/p>\n<p>La Corriente de Expresi\u00f3n Renovada (CER) realiz\u00f3 su cierre de campa\u00f1a el lunes con un plenario en el Centro de Convenciones Gala. En el encuentro el candidato a gobernador del CER, Gustavo Mart\u00ednez, acompa\u00f1ado por los candidatos del espacio, referentes pol\u00edticos y militantes prometi\u00f3 romper con la polarizaci\u00f3n pol\u00edtica y priorizar la seguridad, la salud, la alimentaci\u00f3n, la educaci\u00f3n y la generaci\u00f3n de empleo de cara a las pr\u00f3ximas elecciones provinciales del 17 de septiembre.<\/p>\n<p>\u00bfDesde cu\u00e1ndo rige la veda?<br \/>\n La veda electoral comenzar\u00e1 desde las 8 de la ma\u00f1ana del viernes 15 de septiembre y hasta las 21 del domingo 17 de septiembre, tres horas despu\u00e9s de la finalizaci\u00f3n de los comicios, de acuerdo al C\u00f3digo Nacional Electoral Seg\u00fan lo establecido por el Tribunal Electoral, desde el viernes quedan prohibidos los actos p\u00fablicos de proselitismo y la difusi\u00f3n de encuestas. De haber segunda vuelta, se realizar\u00e1 el 8 de octubre.<br \/>\nSon 998.377 chaque\u00f1os y chaque\u00f1as habilitadas para sufragar.<br \/>\nEl Ministerio de Educaci\u00f3n dispuso que 374 establecimientos educativos de toda la provincia est\u00e9n afectados a las elecciones provinciales. Habr\u00e1 un total de 3.000 mesas electorales disponibles, de las cuales 2.951 ser\u00e1n para electores nacionales y otras 49 para extranjeros.<\/p>\n<p>Los candidatos<\/p>\n<p> Este domingo se realizar\u00e1n las elecciones generales en las que se elegir\u00e1 gobernador, diputados provinciales e intendentes en 66 municipios, a excepci\u00f3n de Resistencia, Quitilipi y Makall\u00e9 que desdoblaron los comicios al 5 de noviembre.<br \/>\nSon siete las listas que los chaque\u00f1os y chaque\u00f1as podr\u00e1n encontrar en el cuarto oscuro.<\/p>\n<p>FRENTE CHAQUE\u00d1O<br \/>\n&#8211; Lista 17 de Octubre: encabezada por el actual gobernador, Jorge Capitanich y la vicegobernadora, Anal\u00eda Racha Quiroga, que buscan la reelecci\u00f3n.<\/p>\n<p>JUNTOS POR EL CAMBIO<br \/>\n&#8211; Lista Chaco Cambia: Leandro Zdero, se presenta como candidato a gobernador junto a la concejal Silvana Scheneider como su vice.<\/p>\n<p>FRENTE CER (Corriente de Expresi\u00f3n Renovada)<br \/>\n&#8211; Espacio liderado por el actual intendente de Resistencia, Gustavo Mart\u00ednez, competir\u00e1 por la gobernaci\u00f3n acompa\u00f1ado por Viviam Polini como candidata a vicegobernadora.<\/p>\n<p>FRENTE INTEGRADOR<br \/>\n&#8211; Juan Carlos Bacileff Ivanoff se presenta como candidato a gobernador y Cesar Pic\u00f3n como candidato a vicegobernador.<\/p>\n<p>PARTIDO OBRERO<br \/>\n&#8211; Germ\u00e1n B\u00e1ez es el candidato que propone el espacio para gobernador en compa\u00f1\u00eda de Samanta Salas como vice.<\/p>\n<p>LA LIBERTAD AVANZA<br \/>\n&#8211; El espacio de Javier Milei en la provincia propone a Alfredo Rodr\u00edguez como gobernador y a la contadora Ileana Aguirre como vicegobernadora.<\/p>\n<p>LIBERTARIOS EN ACCI\u00d3N<br \/>\n&#8211; La f\u00f3rmula la encabezar\u00e1 Rub\u00e9n Galassi como candidato a gobernador junto a la abogada Marta Kassor, como candidata a vicegobernadora.<\/p>\n<p>&lt;<a href=\"http:\/\/www.avg.com\/email-signature?utm_medium=email&amp;utm_source=link&amp;utm_campaign=sig-email&amp;utm_content=webmail\">www.avg.com\/email-signature?utm_medium=email&amp;utm_source=link&amp;utm_campaign=sig-email&amp;utm_content=webmail<\/a>&gt; Libre de virus.www.avg.com &lt;<a href=\"http:\/\/www.avg.com\/email-signature?utm_medium=email&amp;utm_source=link&amp;utm_campaign=sig-email&amp;utm_content=webmail\">www.avg.com\/email-signature?utm_medium=email&amp;utm_source=link&amp;utm_campaign=sig-email&amp;utm_content=webmail<\/a>&gt; <\/div>\n","protected":false},"excerpt":{"rendered":"<p>Los diferentes candidatos que competir\u00e1n este domingo en las elecciones provinciales a gobernador transitan las \u00faltimas horas antes de la veda electoral y esta tarde realizan sus respectivos cierres de campa\u00f1a. El Frente Chaque\u00f1o proyecta hacerlo en Barranqueras, en tanto Juntos por el Cambio realizar\u00e1 una caravana en Resistencia. De cara a la contienda electoral [&hellip;]<\/p>\n","protected":false},"author":1,"featured_media":26954,"comment_status":"closed","ping_status":"closed","sticky":false,"template":"","format":"standard","meta":{"footnotes":""},"categories":[6],"tags":[],"class_list":{"0":"post-26953","1":"post","2":"type-post","3":"status-publish","4":"format-standard","5":"has-post-thumbnail","7":"category-chaco"},"_links":{"self":[{"href":"https:\/\/chacosintesis.com.ar\/index.php\/wp-json\/wp\/v2\/posts\/26953","targetHints":{"allow":["GET"]}}],"collection":[{"href":"https:\/\/chacosintesis.com.ar\/index.php\/wp-json\/wp\/v2\/posts"}],"about":[{"href":"https:\/\/chacosintesis.com.ar\/index.php\/wp-json\/wp\/v2\/types\/post"}],"author":[{"embeddable":true,"href":"https:\/\/chacosintesis.com.ar\/index.php\/wp-json\/wp\/v2\/users\/1"}],"replies":[{"embeddable":true,"href":"https:\/\/chacosintesis.com.ar\/index.php\/wp-json\/wp\/v2\/comments?post=26953"}],"version-history":[{"count":0,"href":"https:\/\/chacosintesis.com.ar\/index.php\/wp-json\/wp\/v2\/posts\/26953\/revisions"}],"wp:featuredmedia":[{"embeddable":true,"href":"https:\/\/chacosintesis.com.ar\/index.php\/wp-json\/wp\/v2\/media\/26954"}],"wp:attachment":[{"href":"https:\/\/chacosintesis.com.ar\/index.php\/wp-json\/wp\/v2\/media?parent=26953"}],"wp:term":[{"taxonomy":"category","embeddable":true,"href":"https:\/\/chacosintesis.com.ar\/index.php\/wp-json\/wp\/v2\/categories?post=26953"},{"taxonomy":"post_tag","embeddable":true,"href":"https:\/\/chacosintesis.com.ar\/index.php\/wp-json\/wp\/v2\/tags?post=26953"}],"curies":[{"name":"wp","href":"https:\/\/api.w.org\/{rel}","templated":true}]}}