{"id":26945,"date":"2023-09-14T17:08:16","date_gmt":"2023-09-14T20:08:16","guid":{"rendered":"https:\/\/chacosintesis.com.ar\/?p=26945"},"modified":"2023-09-14T17:37:25","modified_gmt":"2023-09-14T20:37:25","slug":"organizaciones-apicolas-del-chaco-expusieron-la-produccion-provincial-en-un-congreso-internacional","status":"publish","type":"post","link":"https:\/\/chacosintesis.com.ar\/index.php\/organizaciones-apicolas-del-chaco-expusieron-la-produccion-provincial-en-un-congreso-internacional\/","title":{"rendered":"Organizaciones ap\u00edcolas del Chaco expusieron la producci\u00f3n provincial en un congreso internacional"},"content":{"rendered":"<div class=\"postie-post\">Fue la delegaci\u00f3n m\u00e1s numerosa del pa\u00eds. Se logr\u00f3 interactuar con distintas empresas proveedoras de maquinarias e insumos y con empresas productoras de otros productos de la colmena. Chaco particip\u00f3 del 48\u00b0 Congreso Internacional de Apicultura \u201cApimondia\u201d que se desarroll\u00f3, del 4 al 8 de septiembre, en Santiago de Chile con m\u00e1s de 6000 participantes de m\u00e1s de 100 pa\u00edses. La delegaci\u00f3n de Argentina cont\u00f3 con la presencia de m\u00e1s de 15 provincias, a cargo del Consejo Federal de Inversiones (CFI). La delegaci\u00f3n del Chaco estuvo compuesta por 17 representantes de la red de organizaciones ap\u00edcolas del Chaco, siendo la m\u00e1s numerosa del pa\u00eds, debido a un acuerdo realizado entre el Gobierno provincial, el CFI y el Consejo asesor ap\u00edcola provincial. En esta oportunidad, el coordinador ap\u00edcola del Ministerio de Ambiente y Desarrollo Territorial Sostenible Pablo Chipulina expuso en el stand de Argentina todo lo desarrollado en la cadena ap\u00edcola en la campa\u00f1a 22-23, principalmente lo referido a la producci\u00f3n org\u00e1nica y comercializaci\u00f3n de miel fraccionada a trav\u00e9s del Estado provincial y el programa de fortalecimiento de la apicultura org\u00e1nica junto al CFI: Sistema de Cr\u00e9ditos; Apiarios demostrativos para producci\u00f3n org\u00e1nica y capacitaciones en producci\u00f3n org\u00e1nica. \u201cFue una muestra interactiva en la cual se realizaron distintas exposiciones a lo largo de los cinco d\u00edas de exposici\u00f3n en la Expo API sobre las distintas actividades desarrolladas en las provincias en el sector ap\u00edcola, adem\u00e1s se realizaron capacitaciones en gen\u00e9tica\u201d, remarc\u00f3 Chipulina. Las organizaciones chaque\u00f1as presentes en la Apimondia 2023 fueron: Asociaci\u00f3n J\u00f3venes de El Impenetrable del paraje El Tartagal, Cooperativa los meleros LTD de El Sauzalito, Asociaci\u00f3n Civil Montes Nativos de Miraflores, Cooperativa El Mojo LTD de El Espinillo, Asociaci\u00f3n Colmenares de El Impenetrable, Asociaci\u00f3n de apicultores de Juan Jos\u00e9 Castelli, Cooperativa ap\u00edcola La Colmena de Tres Isletas, Asociaci\u00f3n de peque\u00f1os productores del Departamento Comandante Fern\u00e1ndez, Cooperativa ap\u00edcola la Misky Shumaj de General Pinedo, Cooperativa ap\u00edcola Copal de Charata, Asociaci\u00f3n de Apicultores del Sudoeste Chaque\u00f1o Villa \u00c1ngela, Cooperativa UN.PE.PRO.CH. Pampa del Indio, Cooperativa ap\u00edcola Chaco de General San Mart\u00edn, Cooperativa apicola Copap de Margarita Bel\u00e9n y representantes del Ministerio de Ambiente y Desarrollo Territorial Sostenible y del Ministerio de Producci\u00f3n, Industria y Empleo. \u201cLa delegaci\u00f3n chaque\u00f1a pudo interactuar con distintas empresas proveedoras de maquinarias e insumos y con empresas productoras de otros productos de la colmena y visit la empresa Agroapicultura, el criadero de material vivo, la sala de fraccionado y otras instalaciones, con el objetivo de intercambiar conocimientos\u201d, concluy\u00f3 Pablo Chipulina.<br \/>\n&lt;<a href=\"http:\/\/www.avg.com\/email-signature?utm_medium=email&amp;utm_source=link&amp;utm_campaign=sig-email&amp;utm_content=webmail\">www.avg.com\/email-signature?utm_medium=email&amp;utm_source=link&amp;utm_campaign=sig-email&amp;utm_content=webmail<\/a>&gt; Libre de virus.www.avg.com &lt;<a href=\"http:\/\/www.avg.com\/email-signature?utm_medium=email&amp;utm_source=link&amp;utm_campaign=sig-email&amp;utm_content=webmail\">www.avg.com\/email-signature?utm_medium=email&amp;utm_source=link&amp;utm_campaign=sig-email&amp;utm_content=webmail<\/a>&gt; <\/div>\n","protected":false},"excerpt":{"rendered":"<p>Fue la delegaci\u00f3n m\u00e1s numerosa del pa\u00eds. Se logr\u00f3 interactuar con distintas empresas proveedoras de maquinarias e insumos y con empresas productoras de otros productos de la colmena. Chaco particip\u00f3 del 48\u00b0 Congreso Internacional de Apicultura \u201cApimondia\u201d que se desarroll\u00f3, del 4 al 8 de septiembre, en Santiago de Chile con m\u00e1s de 6000 participantes [&hellip;]<\/p>\n","protected":false},"author":1,"featured_media":26946,"comment_status":"closed","ping_status":"closed","sticky":false,"template":"","format":"standard","meta":{"footnotes":""},"categories":[6],"tags":[],"class_list":{"0":"post-26945","1":"post","2":"type-post","3":"status-publish","4":"format-standard","5":"has-post-thumbnail","7":"category-chaco"},"_links":{"self":[{"href":"https:\/\/chacosintesis.com.ar\/index.php\/wp-json\/wp\/v2\/posts\/26945","targetHints":{"allow":["GET"]}}],"collection":[{"href":"https:\/\/chacosintesis.com.ar\/index.php\/wp-json\/wp\/v2\/posts"}],"about":[{"href":"https:\/\/chacosintesis.com.ar\/index.php\/wp-json\/wp\/v2\/types\/post"}],"author":[{"embeddable":true,"href":"https:\/\/chacosintesis.com.ar\/index.php\/wp-json\/wp\/v2\/users\/1"}],"replies":[{"embeddable":true,"href":"https:\/\/chacosintesis.com.ar\/index.php\/wp-json\/wp\/v2\/comments?post=26945"}],"version-history":[{"count":0,"href":"https:\/\/chacosintesis.com.ar\/index.php\/wp-json\/wp\/v2\/posts\/26945\/revisions"}],"wp:featuredmedia":[{"embeddable":true,"href":"https:\/\/chacosintesis.com.ar\/index.php\/wp-json\/wp\/v2\/media\/26946"}],"wp:attachment":[{"href":"https:\/\/chacosintesis.com.ar\/index.php\/wp-json\/wp\/v2\/media?parent=26945"}],"wp:term":[{"taxonomy":"category","embeddable":true,"href":"https:\/\/chacosintesis.com.ar\/index.php\/wp-json\/wp\/v2\/categories?post=26945"},{"taxonomy":"post_tag","embeddable":true,"href":"https:\/\/chacosintesis.com.ar\/index.php\/wp-json\/wp\/v2\/tags?post=26945"}],"curies":[{"name":"wp","href":"https:\/\/api.w.org\/{rel}","templated":true}]}}