{"id":26939,"date":"2023-09-14T16:58:25","date_gmt":"2023-09-14T19:58:25","guid":{"rendered":"https:\/\/chacosintesis.com.ar\/?p=26939"},"modified":"2023-09-14T17:07:14","modified_gmt":"2023-09-14T20:07:14","slug":"productores-del-chaco-recibieron-1-000-plantines-de-nuez-pecan-para-diversificar-la-produccion-agricola","status":"publish","type":"post","link":"https:\/\/chacosintesis.com.ar\/index.php\/productores-del-chaco-recibieron-1-000-plantines-de-nuez-pecan-para-diversificar-la-produccion-agricola\/","title":{"rendered":"Productores del Chaco recibieron 1.000 plantines de nuez pec\u00e1n para diversificar la producci\u00f3n agr\u00edcola"},"content":{"rendered":"<div class=\"postie-post\">La iniciativa forma parte del Programa de Promoci\u00f3n de Micro Cuencas Frut\u00edcolas como Estrategias de Diversificaci\u00f3n Productiva que puso en marcha el gobierno provincial.<br \/>\nEl gobierno provincial complet\u00f3 esta semana la entrega de plantines de nuez pec\u00e1n a productores de diversas zonas del territorio chaque\u00f1o en el marco de las acciones que se llevan adelante para potenciar la diversificaci\u00f3n agr\u00edcola.<br \/>\nLa iniciativa, que es impulsada por el Ministerio de Producci\u00f3n, Industria y Empleo con respaldo del Consejo Federal de Inversiones (CFI), alcanz\u00f3 a un total de 40 beneficiarios que cuentan con establecimientos en las zonas sudoeste, litoral norte y litoral centro-sur.<br \/>\nLa nuez pec\u00e1n es un cultivo con un elevado potencial, tanto en t\u00e9rminos de producci\u00f3n como de beneficios econ\u00f3micos, y que se adapta perfectamente al cultivo en diferentes puntos de la provincia.<br \/>\n\u201cLa entrega de estos 1.000 plantines es una estrategia respaldada por el potencial econ\u00f3mico de esta variedad de nuez, lo que se suma a la idoneidad de las condiciones locales y la importancia de apoyar a los productores locales y fomentar pr\u00e1cticas agr\u00edcolas sostenibles\u201d, asegur\u00f3 este jueves la subsecretaria de Agricultura, Flavia Francescutti.<br \/>\nLa funcionaria destac\u00f3 que la iniciativa forma parte del Programa de Promoci\u00f3n de Micro Cuencas Frut\u00edcolas como Estrategias de Diversificaci\u00f3n Productiva que puso en marcha el gobierno provincial. Las 1.000 unidades distribuidas fueron adquiridas por la Subsecretar\u00eda de Agricultura y se trata de plantines injertados, a ra\u00edz desnuda, provenientes de Concordia, Entre R\u00edos.<br \/>\nEl trabajo desplegado abarc\u00f3 adem\u00e1s la selecci\u00f3n de los productores que recibieron los insumos ya que se trata de emprendimientos emplazados en las zonas sudoeste (20 beneficiarios), litoral norte (diez) y litoral centro-sur (diez).<br \/>\n\u201cA cada uno de los 40 productores se les hizo entrega de 25 plantines de las variedades Shoshoni, Cape fear, como polinizador temprano, y Mohawk, para que se pueda lograr una buena polinizaci\u00f3n\u201d, asegur\u00f3 Francescutti.<br \/>\n\u201cLos 25 plantines recibidos por cada productor representan una superficie de un cuarto de hect\u00e1rea, en un marco de plantaci\u00f3n de 10 metros por 10 metros, que si bien no es un \u00e1rea representativa para la producci\u00f3n, cumple con los objetivos definidos inicialmente en el proyecto\u201d, agreg\u00f3.<br \/>\nDiversidad productiva<br \/>\nLa promoci\u00f3n del cultivo de nuez pec\u00e1n contribuye a diversificar la producci\u00f3n en la provincia, adem\u00e1s de reducir la dependencia de un solo cultivo y fomentar la adopci\u00f3n de rubros de alto valor que, como tal este caso, mejoran la estabilidad econ\u00f3mica de los productores y fortalece la resiliencia de la agricultura local ante factores externos.<br \/>\nEn paralelo, no solo implica la creaci\u00f3n de empleo en la fase de producci\u00f3n, sino que tambi\u00e9n estimula actividades relacionadas como el procesamiento y la comercializaci\u00f3n de nueces, lo cual genera oportunidades adicionales en la provincia y contribuye al desarrollo regional.<br \/>\nEste programa, desde su ejecuci\u00f3n y desarrollo, brind\u00f3 asistencia t\u00e9cnica personalizada y directa a productores a trav\u00e9s de visitas de campo y asesoramiento personalizado, evaluando sus pr\u00e1cticas actuales, identificando desaf\u00edos espec\u00edficos y proporcionando recomendaciones adecuadas para alcanzar los mejores resultados.<br \/>\nAdem\u00e1s del acompa\u00f1amiento directo a los productores que se iniciaron en el cultivo de nuez pec\u00e1n, tambi\u00e9n se avanz\u00f3 en forma paralela en la capacitaci\u00f3n de los t\u00e9cnicos locales, haciendo foco en lo concerniente a recomendaciones sobre pr\u00e1cticas de manejo, m\u00e9todos de control de plagas y enfermedades, as\u00ed como estrategias de riego.<\/p>\n<p> &lt;<a href=\"http:\/\/www.avg.com\/email-signature?utm_medium=email&amp;utm_source=link&amp;utm_campaign=sig-email&amp;utm_content=webmail\">www.avg.com\/email-signature?utm_medium=email&amp;utm_source=link&amp;utm_campaign=sig-email&amp;utm_content=webmail<\/a>&gt; Libre de virus.www.avg.com &lt;<a href=\"http:\/\/www.avg.com\/email-signature?utm_medium=email&amp;utm_source=link&amp;utm_campaign=sig-email&amp;utm_content=webmail\">www.avg.com\/email-signature?utm_medium=email&amp;utm_source=link&amp;utm_campaign=sig-email&amp;utm_content=webmail<\/a>&gt; <\/div>\n","protected":false},"excerpt":{"rendered":"<p>La iniciativa forma parte del Programa de Promoci\u00f3n de Micro Cuencas Frut\u00edcolas como Estrategias de Diversificaci\u00f3n Productiva que puso en marcha el gobierno provincial. El gobierno provincial complet\u00f3 esta semana la entrega de plantines de nuez pec\u00e1n a productores de diversas zonas del territorio chaque\u00f1o en el marco de las acciones que se llevan adelante [&hellip;]<\/p>\n","protected":false},"author":1,"featured_media":26940,"comment_status":"closed","ping_status":"closed","sticky":false,"template":"","format":"standard","meta":{"footnotes":""},"categories":[6],"tags":[],"class_list":{"0":"post-26939","1":"post","2":"type-post","3":"status-publish","4":"format-standard","5":"has-post-thumbnail","7":"category-chaco"},"_links":{"self":[{"href":"https:\/\/chacosintesis.com.ar\/index.php\/wp-json\/wp\/v2\/posts\/26939","targetHints":{"allow":["GET"]}}],"collection":[{"href":"https:\/\/chacosintesis.com.ar\/index.php\/wp-json\/wp\/v2\/posts"}],"about":[{"href":"https:\/\/chacosintesis.com.ar\/index.php\/wp-json\/wp\/v2\/types\/post"}],"author":[{"embeddable":true,"href":"https:\/\/chacosintesis.com.ar\/index.php\/wp-json\/wp\/v2\/users\/1"}],"replies":[{"embeddable":true,"href":"https:\/\/chacosintesis.com.ar\/index.php\/wp-json\/wp\/v2\/comments?post=26939"}],"version-history":[{"count":0,"href":"https:\/\/chacosintesis.com.ar\/index.php\/wp-json\/wp\/v2\/posts\/26939\/revisions"}],"wp:featuredmedia":[{"embeddable":true,"href":"https:\/\/chacosintesis.com.ar\/index.php\/wp-json\/wp\/v2\/media\/26940"}],"wp:attachment":[{"href":"https:\/\/chacosintesis.com.ar\/index.php\/wp-json\/wp\/v2\/media?parent=26939"}],"wp:term":[{"taxonomy":"category","embeddable":true,"href":"https:\/\/chacosintesis.com.ar\/index.php\/wp-json\/wp\/v2\/categories?post=26939"},{"taxonomy":"post_tag","embeddable":true,"href":"https:\/\/chacosintesis.com.ar\/index.php\/wp-json\/wp\/v2\/tags?post=26939"}],"curies":[{"name":"wp","href":"https:\/\/api.w.org\/{rel}","templated":true}]}}