{"id":26935,"date":"2023-09-14T16:49:08","date_gmt":"2023-09-14T19:49:08","guid":{"rendered":"https:\/\/chacosintesis.com.ar\/?p=26935"},"modified":"2023-09-14T17:07:05","modified_gmt":"2023-09-14T20:07:05","slug":"llega-a-las-y-los-estudiantes-de-primaria-de-la-provincia-la-coleccion-historias-por-leer","status":"publish","type":"post","link":"https:\/\/chacosintesis.com.ar\/index.php\/llega-a-las-y-los-estudiantes-de-primaria-de-la-provincia-la-coleccion-historias-por-leer\/","title":{"rendered":"Llega a las y los estudiantes de Primaria de la provincia la colecci\u00f3n \u201cHistorias por leer\u201d"},"content":{"rendered":"<div class=\"postie-post\">La directora de Nivel Primario del Ministerio de Educaci\u00f3n del Chaco, Yuli Sosa, present\u00f3 en Chaco TV la colecci\u00f3n \u201cHistorias para leer\u201d, que est\u00e1 siendo entregada a las y los estudiantes chaque\u00f1os de primero a s\u00e9ptimo grado. De esta manera, cada ni\u00f1a y ni\u00f1o chaque\u00f1o recibir\u00e1 dos libros de literatura infantil que podr\u00e1 llevar a su casa para formar su biblioteca; y que adem\u00e1s cuenta con un C\u00f3digo QR para descargar, con orientaciones docentes para el aula y acceso a la versi\u00f3n de audiolibro.<br \/>\nEsta colecci\u00f3n forma parte del programa nacional Libros para aprender, que responde a un pedido de los docentes que durante la pandemia pidieron libros para dar clases. En la primera etapa, cada ni\u00f1o y ni\u00f1a recibi\u00f3 un libro propio, que lo llevaron a su casa para ir formando su biblioteca, en los tres niveles. Ahora en esta segunda etapa se suma esta colecci\u00f3n, en la que se distribuir\u00e1n m\u00e1s de 300.000 ejemplares en toda la provincia.<br \/>\nAdem\u00e1s de estos libros de cuentos f\u00edsicos para la infancia, est\u00e1n disponibles online audiolibros, libros en Lengua de Se\u00f1as, y cuentos en las lenguas Qom y Moqoit. \u201cEn Chaco, el Cenovi hizo la traducci\u00f3n en Braille de los libros de la colecci\u00f3n para que puedan ser accesibles para las personas ciegas de todo el pa\u00eds\u201d, remarc\u00f3 la responsable de Primaria.<br \/>\n\u201cEn el trabajo territorial realizado en 2022, identificamos que las y los maestros de toda la provincia nos ped\u00edan orientaciones docentes para el aula, por lo cual cada libro cuenta con un c\u00f3digo QR que le permite acceder al libro para descargar, audiolibros, libros en Lengua de Se\u00f1a y las orientaciones para trabajar en el aula\u201d, explic\u00f3 Sosa.<br \/>\nEsta colecci\u00f3n refuerza el proceso de lecto escritura en el aula y es un plan que inici\u00f3 en 2019, en un equipo de cada provincia con el del Ministerio de Educaci\u00f3n de la Naci\u00f3n.  La misma est\u00e1 conformada por 14 t\u00edtulos con diferentes historias ilustradas por reconocidas y reconocidos artistas, donde se destaca Gustavo Rold\u00e1n, un escritor chaque\u00f1o. Los t\u00edtulos que llegar\u00e1n a las escuelas son: La vuelta al mundo, Bicho raro, El omb\u00falobo, Carnaval en el Zoo, La casa del \u00e1rbol, Lobo est\u00e1, Como si el ruido pudiera molestar, Est\u00e1 all\u00ed todav\u00eda, Un decreto incomprendido, El sue\u00f1o del Pibe, Lorenzo horizonte, Perdiendo velocidad, y El \u00faltimo entrenador.<br \/>\nPara conocer m\u00e1s de la colecci\u00f3n \u201cHistorias por leer\u201d pueden visitar este enlace.<br \/>\n&lt;<a href=\"http:\/\/www.avg.com\/email-signature?utm_medium=email&amp;utm_source=link&amp;utm_campaign=sig-email&amp;utm_content=webmail\">www.avg.com\/email-signature?utm_medium=email&amp;utm_source=link&amp;utm_campaign=sig-email&amp;utm_content=webmail<\/a>&gt; Libre de virus.www.avg.com &lt;<a href=\"http:\/\/www.avg.com\/email-signature?utm_medium=email&amp;utm_source=link&amp;utm_campaign=sig-email&amp;utm_content=webmail\">www.avg.com\/email-signature?utm_medium=email&amp;utm_source=link&amp;utm_campaign=sig-email&amp;utm_content=webmail<\/a>&gt; <\/div>\n","protected":false},"excerpt":{"rendered":"<p>La directora de Nivel Primario del Ministerio de Educaci\u00f3n del Chaco, Yuli Sosa, present\u00f3 en Chaco TV la colecci\u00f3n \u201cHistorias para leer\u201d, que est\u00e1 siendo entregada a las y los estudiantes chaque\u00f1os de primero a s\u00e9ptimo grado. De esta manera, cada ni\u00f1a y ni\u00f1o chaque\u00f1o recibir\u00e1 dos libros de literatura infantil que podr\u00e1 llevar a [&hellip;]<\/p>\n","protected":false},"author":1,"featured_media":26936,"comment_status":"closed","ping_status":"closed","sticky":false,"template":"","format":"standard","meta":{"footnotes":""},"categories":[6],"tags":[],"class_list":{"0":"post-26935","1":"post","2":"type-post","3":"status-publish","4":"format-standard","5":"has-post-thumbnail","7":"category-chaco"},"_links":{"self":[{"href":"https:\/\/chacosintesis.com.ar\/index.php\/wp-json\/wp\/v2\/posts\/26935","targetHints":{"allow":["GET"]}}],"collection":[{"href":"https:\/\/chacosintesis.com.ar\/index.php\/wp-json\/wp\/v2\/posts"}],"about":[{"href":"https:\/\/chacosintesis.com.ar\/index.php\/wp-json\/wp\/v2\/types\/post"}],"author":[{"embeddable":true,"href":"https:\/\/chacosintesis.com.ar\/index.php\/wp-json\/wp\/v2\/users\/1"}],"replies":[{"embeddable":true,"href":"https:\/\/chacosintesis.com.ar\/index.php\/wp-json\/wp\/v2\/comments?post=26935"}],"version-history":[{"count":0,"href":"https:\/\/chacosintesis.com.ar\/index.php\/wp-json\/wp\/v2\/posts\/26935\/revisions"}],"wp:featuredmedia":[{"embeddable":true,"href":"https:\/\/chacosintesis.com.ar\/index.php\/wp-json\/wp\/v2\/media\/26936"}],"wp:attachment":[{"href":"https:\/\/chacosintesis.com.ar\/index.php\/wp-json\/wp\/v2\/media?parent=26935"}],"wp:term":[{"taxonomy":"category","embeddable":true,"href":"https:\/\/chacosintesis.com.ar\/index.php\/wp-json\/wp\/v2\/categories?post=26935"},{"taxonomy":"post_tag","embeddable":true,"href":"https:\/\/chacosintesis.com.ar\/index.php\/wp-json\/wp\/v2\/tags?post=26935"}],"curies":[{"name":"wp","href":"https:\/\/api.w.org\/{rel}","templated":true}]}}