{"id":26923,"date":"2023-09-14T16:30:45","date_gmt":"2023-09-14T19:30:45","guid":{"rendered":"https:\/\/chacosintesis.com.ar\/?p=26923"},"modified":"2023-09-14T16:37:13","modified_gmt":"2023-09-14T19:37:13","slug":"el-registro-civil-atendera-en-horarios-extraordinarios-durante-el-fin-de-semana","status":"publish","type":"post","link":"https:\/\/chacosintesis.com.ar\/index.php\/el-registro-civil-atendera-en-horarios-extraordinarios-durante-el-fin-de-semana\/","title":{"rendered":"El Registro Civil atender\u00e1 en horarios extraordinarios durante el fin de semana"},"content":{"rendered":"<div class=\"postie-post\">\u201cEl s\u00e1bado se va a trabajar desde las 8 hasta las 12 y el domingo de 8 a 18\u201d, explic\u00f3 el jefe de la Segunda Secci\u00f3n, Ram\u00f3n \u00c1valos.<br \/>\nEn el marco de las elecciones generales provinciales, el Registro Civil va a trabajar de manera especial hasta el pr\u00f3ximo domingo 17, ya que uno de los requisitos para poder ejercer el derecho al voto es tener la documentaci\u00f3n que acredite la identidad<br \/>\nEn este sentido, Ram\u00f3n \u00c1valos, jefe de la segunda secci\u00f3n adelant\u00f3 a Chaco TV que \u201cel s\u00e1bado se va a trabajar desde las 8 hasta las 12 y el domingo el Registro Civil atender\u00e1 de corrido, de 8 a 18\u201d.<br \/>\n\u201cToda persona que necesite retirar su DNI tendr\u00e1 que traer sus certificaciones para poder retirarlo\u201d, explic\u00f3 \u00c1valos. \u201cEstamos hablando solamente de retiro de DNI que ya est\u00e9n realizados\u201d, aclar\u00f3.<br \/>\n\u201cEstamos en Avenida 9 de julio 440, donde la persona que se presente a retirar el documento tendr\u00e1 que dirigirse, con su certificado, a la mesa de entrada\u201d, concluy\u00f3 \u00c1valos.<\/p>\n<p>Documentos habilitados para votar<br \/>\nLos documentos habilitados para el pr\u00f3ximo domingo al sufragio son todos los DNI: libreta, tarjeta e incluso tarjeta c\u00edvica. El ejemplar del documento debe ser igual o posterior al que figura en el padr\u00f3n electoral. En este sentido, no estar\u00e1 permitido el voto de ciudadanos cuyo documento corresponda a un ejemplar anterior al que figura en el padr\u00f3n electoral.<br \/>\n&lt;<a href=\"http:\/\/www.avg.com\/email-signature?utm_medium=email&amp;utm_source=link&amp;utm_campaign=sig-email&amp;utm_content=webmail\">www.avg.com\/email-signature?utm_medium=email&amp;utm_source=link&amp;utm_campaign=sig-email&amp;utm_content=webmail<\/a>&gt; Libre de virus.www.avg.com &lt;<a href=\"http:\/\/www.avg.com\/email-signature?utm_medium=email&amp;utm_source=link&amp;utm_campaign=sig-email&amp;utm_content=webmail\">www.avg.com\/email-signature?utm_medium=email&amp;utm_source=link&amp;utm_campaign=sig-email&amp;utm_content=webmail<\/a>&gt; <\/div>\n","protected":false},"excerpt":{"rendered":"<p>\u201cEl s\u00e1bado se va a trabajar desde las 8 hasta las 12 y el domingo de 8 a 18\u201d, explic\u00f3 el jefe de la Segunda Secci\u00f3n, Ram\u00f3n \u00c1valos. En el marco de las elecciones generales provinciales, el Registro Civil va a trabajar de manera especial hasta el pr\u00f3ximo domingo 17, ya que uno de los [&hellip;]<\/p>\n","protected":false},"author":1,"featured_media":26924,"comment_status":"closed","ping_status":"closed","sticky":false,"template":"","format":"standard","meta":{"footnotes":""},"categories":[6],"tags":[],"class_list":{"0":"post-26923","1":"post","2":"type-post","3":"status-publish","4":"format-standard","5":"has-post-thumbnail","7":"category-chaco"},"_links":{"self":[{"href":"https:\/\/chacosintesis.com.ar\/index.php\/wp-json\/wp\/v2\/posts\/26923","targetHints":{"allow":["GET"]}}],"collection":[{"href":"https:\/\/chacosintesis.com.ar\/index.php\/wp-json\/wp\/v2\/posts"}],"about":[{"href":"https:\/\/chacosintesis.com.ar\/index.php\/wp-json\/wp\/v2\/types\/post"}],"author":[{"embeddable":true,"href":"https:\/\/chacosintesis.com.ar\/index.php\/wp-json\/wp\/v2\/users\/1"}],"replies":[{"embeddable":true,"href":"https:\/\/chacosintesis.com.ar\/index.php\/wp-json\/wp\/v2\/comments?post=26923"}],"version-history":[{"count":0,"href":"https:\/\/chacosintesis.com.ar\/index.php\/wp-json\/wp\/v2\/posts\/26923\/revisions"}],"wp:featuredmedia":[{"embeddable":true,"href":"https:\/\/chacosintesis.com.ar\/index.php\/wp-json\/wp\/v2\/media\/26924"}],"wp:attachment":[{"href":"https:\/\/chacosintesis.com.ar\/index.php\/wp-json\/wp\/v2\/media?parent=26923"}],"wp:term":[{"taxonomy":"category","embeddable":true,"href":"https:\/\/chacosintesis.com.ar\/index.php\/wp-json\/wp\/v2\/categories?post=26923"},{"taxonomy":"post_tag","embeddable":true,"href":"https:\/\/chacosintesis.com.ar\/index.php\/wp-json\/wp\/v2\/tags?post=26923"}],"curies":[{"name":"wp","href":"https:\/\/api.w.org\/{rel}","templated":true}]}}