{"id":26907,"date":"2023-09-14T16:03:26","date_gmt":"2023-09-14T19:03:26","guid":{"rendered":"https:\/\/chacosintesis.com.ar\/?p=26907"},"modified":"2023-09-14T16:06:42","modified_gmt":"2023-09-14T19:06:42","slug":"aspirantes-a-ingresar-al-instituto-de-seguridad-publica-del-chaco-se-reuniran-hoy-con-capitanich","status":"publish","type":"post","link":"https:\/\/chacosintesis.com.ar\/index.php\/aspirantes-a-ingresar-al-instituto-de-seguridad-publica-del-chaco-se-reuniran-hoy-con-capitanich\/","title":{"rendered":"Aspirantes a ingresar al Instituto de Seguridad P\u00fablica del Chaco se reunir\u00e1n hoy con Capitanich"},"content":{"rendered":"<div class=\"postie-post\">La convocatoria est\u00e1 destinada a aquellos y aquellas aspirantes que rindieron el examen cognitivo pero que no ingresaron al Curso de Formaci\u00f3n de Agentes iniciado en agosto pasado.<br \/>\nEste jueves 14 al mediod\u00eda, el gobernador, Jorge Capitanich mantendr\u00e1 un encuentro con aspirantes a ingresar al Instituto Superior de Seguridad P\u00fablica de la provincia del Chaco. La actividad ser\u00e1 en el Centro de Convenciones Gala, ubicado en Ruta Nacional N\u00b0 11 Km 1003, de la capital chaque\u00f1a. Tal como lo informaron las autoridades del Instituto, la convocatoria est\u00e1 dirigida a todas aquellas personas que rindieron el examen cognitivo (la prueba de escrita de conocimiento) y no fueron convocadas al curso de formaci\u00f3n actualmente vigente. \u201cEs sumamente importante contar la presencia de los aspirantes para poder registrar el inter\u00e9s en querer formar parte del Instituto Superior de Seguridad P\u00fablica dependiente del Ministerio de Seguridad y Justicia\u201d, explic\u00f3 la titular de la cartera, Gloria Zalazar.<br \/>\nFormaci\u00f3n profesional para la seguridad p\u00fablica<br \/>\nEl Instituto Superior de Seguridad P\u00fablica de la provincia comenz\u00f3 a funcionar en abril pasado y se cre\u00f3 a trav\u00e9s de un decreto del Ejecutivo Provincial en el marco de la Ley 2011-J de Seguridad P\u00fablica para la profesionalizaci\u00f3n de la fuerza. La instituci\u00f3n est\u00e1 bajo la dependencia del Ministerio de Seguridad y Justicia. Tiene a su cargo la formaci\u00f3n especializada de los agentes de la Polic\u00eda del Chaco, as\u00ed como tambi\u00e9n la administraci\u00f3n del plan de ingresos y del r\u00e9gimen de ascensos. En junio, se realiz\u00f3 la inscripci\u00f3n para el \u201cCurso de Formaci\u00f3n para Agentes de Polic\u00eda\u201d, en el cual ingresaron 350 agentes: 190 para zona oeste, a cursarse en Charata; 60 para zona norte, a cursarse en Fuerte Esperanza; y para el Gran Resistencia 100 cargos que se cursan en el edificio donde funciona el Instituto. Tras cumplir con los requisitos y aprobar el examen cognitivo, as\u00ed como presentar la documentaci\u00f3n solicitada por la instituci\u00f3n, en agosto comenz\u00f3 el ciclo lectivo del curso para los 350 ingresantes. La convocatoria de este jueves es para aquellas personas que se encuentran en la lista de acuerdo al puntaje obtenido en el examen cognitivo.<br \/>\n<<a href=\"http:\/\/www.avg.com\/email-signature?utm_medium=email&#038;utm_source=link&#038;utm_campaign=sig-email&#038;utm_content=webmail\">www.avg.com\/email-signature?utm_medium=email&amp;utm_source=link&amp;utm_campaign=sig-email&amp;utm_content=webmail<\/a>> Libre de virus.www.avg.com <<a href=\"http:\/\/www.avg.com\/email-signature?utm_medium=email&#038;utm_source=link&#038;utm_campaign=sig-email&#038;utm_content=webmail\">www.avg.com\/email-signature?utm_medium=email&amp;utm_source=link&amp;utm_campaign=sig-email&amp;utm_content=webmail<\/a>> <#DAB4FAD8-2DD7-40BB-A1B8-4E2AA1F9FDF2><\/div>\n","protected":false},"excerpt":{"rendered":"<p>La convocatoria est\u00e1 destinada a aquellos y aquellas aspirantes que rindieron el examen cognitivo pero que no ingresaron al Curso de Formaci\u00f3n de Agentes iniciado en agosto pasado. Este jueves 14 al mediod\u00eda, el gobernador, Jorge Capitanich mantendr\u00e1 un encuentro con aspirantes a ingresar al Instituto Superior de Seguridad P\u00fablica de la provincia del Chaco. [&hellip;]<\/p>\n","protected":false},"author":1,"featured_media":26908,"comment_status":"closed","ping_status":"closed","sticky":false,"template":"","format":"standard","meta":{"footnotes":""},"categories":[6],"tags":[],"class_list":{"0":"post-26907","1":"post","2":"type-post","3":"status-publish","4":"format-standard","5":"has-post-thumbnail","7":"category-chaco"},"_links":{"self":[{"href":"https:\/\/chacosintesis.com.ar\/index.php\/wp-json\/wp\/v2\/posts\/26907","targetHints":{"allow":["GET"]}}],"collection":[{"href":"https:\/\/chacosintesis.com.ar\/index.php\/wp-json\/wp\/v2\/posts"}],"about":[{"href":"https:\/\/chacosintesis.com.ar\/index.php\/wp-json\/wp\/v2\/types\/post"}],"author":[{"embeddable":true,"href":"https:\/\/chacosintesis.com.ar\/index.php\/wp-json\/wp\/v2\/users\/1"}],"replies":[{"embeddable":true,"href":"https:\/\/chacosintesis.com.ar\/index.php\/wp-json\/wp\/v2\/comments?post=26907"}],"version-history":[{"count":0,"href":"https:\/\/chacosintesis.com.ar\/index.php\/wp-json\/wp\/v2\/posts\/26907\/revisions"}],"wp:featuredmedia":[{"embeddable":true,"href":"https:\/\/chacosintesis.com.ar\/index.php\/wp-json\/wp\/v2\/media\/26908"}],"wp:attachment":[{"href":"https:\/\/chacosintesis.com.ar\/index.php\/wp-json\/wp\/v2\/media?parent=26907"}],"wp:term":[{"taxonomy":"category","embeddable":true,"href":"https:\/\/chacosintesis.com.ar\/index.php\/wp-json\/wp\/v2\/categories?post=26907"},{"taxonomy":"post_tag","embeddable":true,"href":"https:\/\/chacosintesis.com.ar\/index.php\/wp-json\/wp\/v2\/tags?post=26907"}],"curies":[{"name":"wp","href":"https:\/\/api.w.org\/{rel}","templated":true}]}}