{"id":26903,"date":"2023-09-13T11:06:53","date_gmt":"2023-09-13T14:06:53","guid":{"rendered":"https:\/\/chacosintesis.com.ar\/?p=26903"},"modified":"2023-09-13T11:36:45","modified_gmt":"2023-09-13T14:36:45","slug":"capitanich-nuestro-desafio-sera-completar-lo-que-empezamos-dando-respuesta-a-lo-que-demanda-la-sociedad","status":"publish","type":"post","link":"https:\/\/chacosintesis.com.ar\/index.php\/capitanich-nuestro-desafio-sera-completar-lo-que-empezamos-dando-respuesta-a-lo-que-demanda-la-sociedad\/","title":{"rendered":"Capitanich: \u201cNuestro desaf\u00edo ser\u00e1 completar lo que empezamos dando respuesta a lo que demanda la sociedad\u201d"},"content":{"rendered":"<div class=\"postie-post\">En los distintos encuentros con la prensa, el gobernador explic\u00f3 los principales puntos de su plan de gobierno de cara a una nueva gesti\u00f3n, que incluye acciones precisas para transformar la provincia en materia de producci\u00f3n y empleo, inclusi\u00f3n y equidad social.<\/p>\n<p>Jorge Capitanich, gobernador y candidato a la reelecci\u00f3n por el Frente Chaque\u00f1o mantuvo una serie de encuentros con periodistas locales en los que abord\u00f3 diversos temas de inter\u00e9s en la agenda p\u00fablica. Desaf\u00edos hacia una nueva gesti\u00f3n al frente del Ejecutivo, inversiones, empleo, movimientos sociales, seguridad y su plan de gobierno fueron algunos de los puntos analizados.<br \/>\n\u201cNuestro desaf\u00edo ser\u00e1 completar lo que empezamos dando respuesta a lo que demanda la sociedad\u201d, explic\u00f3 Coqui, quien asegur\u00f3 que el pueblo chaque\u00f1o \u201cvalora lo que se hizo y exige mucho m\u00e1s respecto al futuro\u201d.<br \/>\nEn los distintos encuentros con la prensa, el gobernador explic\u00f3 los principales puntos de su plan de gobierno de cara a una nueva gesti\u00f3n, que incluye acciones precisas para transformar la provincia en materia de producci\u00f3n y empleo, inclusi\u00f3n y equidad social.<br \/>\nEntre los objetivos m\u00e1s relevantes, propone 200.000 empleos privados formales, 20.000 viviendas urbanas y rurales, 50.000 t\u00edtulos de propiedad, una tasa de crecimiento acumulativo anual del 5 por ciento y 1.500 millones de d\u00f3lares en exportaciones; adem\u00e1s de la urbanizaci\u00f3n de 649 barrios populares.<br \/>\nPara ello, el plan se basa en cuatro vectores de crecimiento de los cuales se desprenden objetivos concretos: Econom\u00eda productiva, econom\u00eda ambiental y circular, econom\u00eda del conocimiento y econom\u00eda energ\u00e9tica.<br \/>\n\u201cPara votar hacia el futuro es necesario tener un plan de gobierno, equipos t\u00e9cnicos calificados para ejecutarlo y de car\u00e1cter pol\u00edtico profesional. Y por \u00faltimo, un liderazgo basado no solamente en la experiencia, sino en la idoneidad. Bueno, nosotros tenemos todos los requisitos exigibles, nuestros oponentes no\u201d, subray\u00f3.<br \/>\nEn ese contexto, explic\u00f3 que \u201cel gran esfuerzo que vamos a tener es lograr que el pr\u00f3ximo gobierno sea bajo el signo del trabajo, y en consecuencia, el desarrollo de la econom\u00eda productiva, la econom\u00eda ambiental y circular, la econom\u00eda energ\u00e9tica y la econom\u00eda del conocimiento\u201d.<\/p>\n<p>Seguridad, movimientos sociales y demandas de la ciudadan\u00eda<\/p>\n<p>Consultado sobre este tema, el mandatario indic\u00f3 que \u201cla inseguridad ha vuelto a instalarse como uno de los temas de mayor preocupaci\u00f3n social en este momento. Por eso implementamos una agenda de proximidad y cercan\u00eda, y mantuve cerca de 157 reuniones con vecinas y vecinos, donde el tema de seguridad es el primer problema\u201d.<br \/>\nEn ese sentido, Capitanich record\u00f3 el decreto, firmado en julio pasado, en el que dispuso la emergencia provincial en materia de seguridad, y la implementaci\u00f3n de los operativos territoriales \u201cEscuchar para hacer\u201d, que se extienden en toda la provincia.<br \/>\nEn cuanto a los movimientos sociales, el gobernador expres\u00f3 que \u201cexiste un hartazgo social por los cortes, y eso tiene que ver con una nueva instancia de la regulaci\u00f3n por parte del Estado, en t\u00e9rminos de asignaci\u00f3n de recursos y en t\u00e9rminos de resoluci\u00f3n de problemas. Un tema que abordamos con toda la seriedad que requiere\u201d.<br \/>\n\u201cNosotros apuntamos a convertir los planes sociales en trabajo, lo estamos haciendo y lo seguiremos haciendo porque lideramos la generaci\u00f3n de empleo formal privado en la regi\u00f3n del Norte de Argentina. Definitivamente necesitamos fortalecer y fomentar el di\u00e1logo, pero no vamos a ceder a la extorsi\u00f3n, ni al amedrentamiento, ni a las amenazas\u201d.<\/p>\n<p>Una agenda de prioridades para el Chaco del futuro<\/p>\n<p>El gobernador destac\u00f3 la radicaci\u00f3n de industrias en la provincia, que en los \u00faltimos siete d\u00edas implic\u00f3 la inauguraci\u00f3n de nueve emprendimientos industriales que garantizan la generaci\u00f3n de cerca de 5.000 empleos en forma progresiva y 10.000 en forma escalonada.<\/p><\/div>\n","protected":false},"excerpt":{"rendered":"<p>En los distintos encuentros con la prensa, el gobernador explic\u00f3 los principales puntos de su plan de gobierno de cara a una nueva gesti\u00f3n, que incluye acciones precisas para transformar la provincia en materia de producci\u00f3n y empleo, inclusi\u00f3n y equidad social. Jorge Capitanich, gobernador y candidato a la reelecci\u00f3n por el Frente Chaque\u00f1o mantuvo [&hellip;]<\/p>\n","protected":false},"author":1,"featured_media":26904,"comment_status":"closed","ping_status":"closed","sticky":false,"template":"","format":"standard","meta":{"footnotes":""},"categories":[6],"tags":[],"class_list":{"0":"post-26903","1":"post","2":"type-post","3":"status-publish","4":"format-standard","5":"has-post-thumbnail","7":"category-chaco"},"_links":{"self":[{"href":"https:\/\/chacosintesis.com.ar\/index.php\/wp-json\/wp\/v2\/posts\/26903","targetHints":{"allow":["GET"]}}],"collection":[{"href":"https:\/\/chacosintesis.com.ar\/index.php\/wp-json\/wp\/v2\/posts"}],"about":[{"href":"https:\/\/chacosintesis.com.ar\/index.php\/wp-json\/wp\/v2\/types\/post"}],"author":[{"embeddable":true,"href":"https:\/\/chacosintesis.com.ar\/index.php\/wp-json\/wp\/v2\/users\/1"}],"replies":[{"embeddable":true,"href":"https:\/\/chacosintesis.com.ar\/index.php\/wp-json\/wp\/v2\/comments?post=26903"}],"version-history":[{"count":0,"href":"https:\/\/chacosintesis.com.ar\/index.php\/wp-json\/wp\/v2\/posts\/26903\/revisions"}],"wp:featuredmedia":[{"embeddable":true,"href":"https:\/\/chacosintesis.com.ar\/index.php\/wp-json\/wp\/v2\/media\/26904"}],"wp:attachment":[{"href":"https:\/\/chacosintesis.com.ar\/index.php\/wp-json\/wp\/v2\/media?parent=26903"}],"wp:term":[{"taxonomy":"category","embeddable":true,"href":"https:\/\/chacosintesis.com.ar\/index.php\/wp-json\/wp\/v2\/categories?post=26903"},{"taxonomy":"post_tag","embeddable":true,"href":"https:\/\/chacosintesis.com.ar\/index.php\/wp-json\/wp\/v2\/tags?post=26903"}],"curies":[{"name":"wp","href":"https:\/\/api.w.org\/{rel}","templated":true}]}}